{"id":51,"date":"2025-02-28T14:25:45","date_gmt":"2025-02-28T17:25:45","guid":{"rendered":"https:\/\/colinacabosdemadeira.com.br\/blog\/?p=51"},"modified":"2025-08-04T08:52:31","modified_gmt":"2025-08-04T11:52:31","slug":"bastao-de-madeira-para-banner-conheca-a-colina-cabos-de-madeira","status":"publish","type":"post","link":"https:\/\/colinacabosdemadeira.com.br\/blog\/bastao-de-madeira-para-banner-conheca-a-colina-cabos-de-madeira\/","title":{"rendered":"Bast\u00e3o de madeira para banner: conhe\u00e7a a Colina Cabos de Madeira"},"content":{"rendered":"<span class=\"span-reading-time rt-reading-time\" style=\"display: block;\"><span class=\"rt-label rt-prefix\">Tempo de leitura: <\/span> <span class=\"rt-time\"> 4<\/span> <span class=\"rt-label rt-postfix\">minutos<\/span><\/span>\n<p class=\"has-medium-font-size\"><strong><em>Conhe\u00e7a a Colina Cabos de Madeira e descubra por que o bast\u00e3o de madeira para banner \u00e9 a melhor escolha para acabamento profissional e dur\u00e1vel.<\/em><\/strong><\/p>\n\n\n\n<p>Se voc\u00ea busca um acabamento elegante e resistente para banners, o bast\u00e3o de madeira para banner \u00e9 a op\u00e7\u00e3o perfeita. Al\u00e9m de proporcionar estabilidade, ele d\u00e1 um toque natural e sofisticado \u00e0 comunica\u00e7\u00e3o visual.<\/p>\n\n\n\n<p>Seja para eventos, exposi\u00e7\u00f5es ou publicidade, a qualidade dos materiais faz toda a diferen\u00e7a. Neste artigo, voc\u00ea entender\u00e1 por que a madeira \u00e9 a melhor escolha, quais s\u00e3o os tipos dispon\u00edveis e como garantir sua durabilidade. Al\u00e9m disso, apresentaremos a <em>Colina Cabos de Madeira<\/em>, refer\u00eancia no setor.<\/p>\n\n\n\n<ul class=\"wp-block-list\">\n<li><a href=\"https:\/\/colinacabosdemadeira.com.br\/blog\/onde-encontrar-o-melhor-cabo-para-boleador-do-mercado\/\" target=\"_blank\" rel=\"noreferrer noopener\">Onde encontrar o melhor cabo para boleador do mercado?<\/a><\/li>\n<\/ul>\n\n\n\n<h2 class=\"wp-block-heading\"><strong>Por que escolher bast\u00f5es de madeira para banners?<\/strong><\/h2>\n\n\n\n<p>O bast\u00e3o de madeira para banner \u00e9 a melhor op\u00e7\u00e3o para quem busca resist\u00eancia, praticidade e um acabamento refinado. Diferente de materiais como pl\u00e1stico ou alum\u00ednio, a madeira confere um visual mais elegante e natural, al\u00e9m de ser extremamente dur\u00e1vel.<\/p>\n\n\n\n<p>Outro diferencial \u00e9 a sustentabilidade. Madeiras de origem certificada garantem um impacto ambiental reduzido, tornando essa uma op\u00e7\u00e3o ecologicamente correta. Al\u00e9m disso, a variedade de di\u00e2metros e acabamentos permite que o bast\u00e3o se adapte a diferentes tipos de banners, seja para uso interno ou externo.<\/p>\n\n\n\n<p>Al\u00e9m da est\u00e9tica e durabilidade, o bast\u00e3o de madeira oferece um encaixe firme para a fixa\u00e7\u00e3o do banner, evitando dobras ou deforma\u00e7\u00f5es. Isso garante que sua mensagem seja apresentada de forma impec\u00e1vel, valorizando o investimento em comunica\u00e7\u00e3o visual.<\/p>\n\n\n\n<ul class=\"wp-block-list\">\n<li><a href=\"https:\/\/colinacabosdemadeira.com.br\/blog\/onde-encontrar-os-melhores-espetos-e-grelhas-de-aluminio\/\" target=\"_blank\" rel=\"noreferrer noopener\">Onde encontrar os melhores espetos e grelhas de alum\u00ednio?<\/a><\/li>\n<\/ul>\n\n\n\n<h2 class=\"wp-block-heading\"><strong>Tipos de madeira e acabamentos para bast\u00f5es de banner<\/strong><\/h2>\n\n\n\n<p>Os bast\u00f5es de madeira para banner podem ser fabricados com diferentes tipos de madeira e acabamentos. A escolha do material ideal depender\u00e1 do uso e do efeito visual desejado. Confira algumas das principais op\u00e7\u00f5es:<\/p>\n\n\n\n<ul class=\"wp-block-list\">\n<li><strong>Pinus<\/strong>: leve e econ\u00f4mico, \u00e9 uma op\u00e7\u00e3o bastante utilizada para banners promocionais. Possui tonalidade clara e acabamento liso.<\/li>\n\n\n\n<li><strong>Eucalipto<\/strong>: mais resistente e com um tom mais avermelhado, \u00e9 ideal para quem busca durabilidade e um toque r\u00fastico.<\/li>\n\n\n\n<li><strong>Madeira maci\u00e7a<\/strong>: indicada para banners de longa dura\u00e7\u00e3o ou para eventos sofisticados, j\u00e1 que confere um aspecto mais nobre.<\/li>\n\n\n\n<li><strong>Verniz fosco ou brilhante<\/strong>: protege a madeira contra umidade e desgaste, garantindo maior durabilidade.<\/li>\n\n\n\n<li><strong>Pintura personalizada<\/strong>: alguns fabricantes oferecem op\u00e7\u00f5es de pintura em diferentes cores para harmonizar com a identidade visual do banner.<\/li>\n<\/ul>\n\n\n\n<p>Escolher o tipo certo de madeira e acabamento faz toda a diferen\u00e7a no resultado final, garantindo um banner bem estruturado e visualmente agrad\u00e1vel.<\/p>\n\n\n\n<h2 class=\"wp-block-heading\"><strong>Como manter e conservar bast\u00f5es de madeira para banners<\/strong><\/h2>\n\n\n\n<p>Para garantir a durabilidade do seu bast\u00e3o de madeira para banner, alguns cuidados s\u00e3o essenciais. Primeiramente, <strong>evite expor a madeira a umidade excessiva<\/strong>, pois isso pode comprometer sua resist\u00eancia e causar rachaduras. Sempre que poss\u00edvel, mantenha os bast\u00f5es armazenados em locais secos e arejados.<\/p>\n\n\n\n<p>Outro ponto importante \u00e9 a<strong> limpeza<\/strong>. O ideal \u00e9 utilizar um pano seco ou levemente umedecido para remover poeira e sujeira, evitando o uso de produtos qu\u00edmicos agressivos que possam danificar o acabamento. Para bast\u00f5es envernizados, um lustra-m\u00f3veis pode ajudar a preservar o brilho e a prote\u00e7\u00e3o da madeira.<\/p>\n\n\n\n<p><strong>Caso o bast\u00e3o apresente pequenos desgastes ao longo do tempo, uma leve lixagem e a reaplica\u00e7\u00e3o de verniz podem restaurar sua apar\u00eancia original<\/strong>. Com esses cuidados simples, seus banners manter\u00e3o um acabamento impec\u00e1vel por muito mais tempo.<\/p>\n\n\n\n<h1 class=\"wp-block-heading\"><strong>Colina Cabos de Madeira: qualidade e precis\u00e3o para seus banners<\/strong><\/h1>\n\n\n\n<p>A <strong><em><a href=\"https:\/\/colinacabosdemadeira.com.br\/\" target=\"_blank\" rel=\"noreferrer noopener\">Colina Cabos de Madeira<\/a><\/em><\/strong> \u00e9 uma empresa brasileira que, ao longo dos anos, mant\u00e9m sua tradi\u00e7\u00e3o na produ\u00e7\u00e3o de artefatos de madeira. Com um alto padr\u00e3o de qualidade e distribui\u00e7\u00e3o em todo o Brasil, a marca se destaca por oferecer produtos dur\u00e1veis e personalizados.<\/p>\n\n\n\n<p>Se voc\u00ea procura um fabricante de bast\u00e3o de madeira para banner, a <em>Colina<\/em> \u00e9 a escolha certa. A empresa disponibiliza uma ampla linha de torneados de madeira, garantindo acabamentos sob medida para diferentes necessidades.<\/p>\n\n\n\n<p>Al\u00e9m da qualidade da mat\u00e9ria-prima, a <em>Colina<\/em> se preocupa com a sustentabilidade, utilizando processos produtivos respons\u00e1veis e madeiras certificadas. Isso significa que, ao escolher seus produtos, voc\u00ea n\u00e3o apenas garante um acabamento impec\u00e1vel, mas tamb\u00e9m contribui para a preserva\u00e7\u00e3o ambiental.<\/p>\n\n\n\n<p>Seja para banners publicit\u00e1rios, institucionais ou decorativos, a <em>Colina Cabos de Madeira<\/em> oferece solu\u00e7\u00f5es eficientes e de alta qualidade.<\/p>\n\n\n\n<h2 class=\"wp-block-heading\"><strong>Garanta a melhor qualidade para seus banners!<\/strong><\/h2>\n\n\n\n<p>O bast\u00e3o de madeira para banner \u00e9 a escolha ideal para quem busca um acabamento sofisticado e dur\u00e1vel. Com op\u00e7\u00f5es variadas de madeira e acabamento, \u00e9 poss\u00edvel personalizar o produto conforme a necessidade do projeto.<\/p>\n\n\n\n<p>Para garantir um banner impec\u00e1vel, conte com a experi\u00eancia da <em>Colina Cabos de Madeira<\/em>. Com tradi\u00e7\u00e3o e qualidade, a empresa oferece os melhores produtos do mercado.<\/p>\n\n\n\n<p><strong><a href=\"https:\/\/colinacabosdemadeira.com.br\/contato\" target=\"_blank\" rel=\"noreferrer noopener\">Entre em contato<\/a> e conhe\u00e7a as op\u00e7\u00f5es dispon\u00edveis!<\/strong><\/p>\n","protected":false},"excerpt":{"rendered":"<p><span class=\"span-reading-time rt-reading-time\" style=\"display: block;\"><span class=\"rt-label rt-prefix\">Tempo de leitura: <\/span> <span class=\"rt-time\"> 4<\/span> <span class=\"rt-label rt-postfix\">minutos<\/span><\/span>Conhe\u00e7a a Colina Cabos de Madeira e descubra por que o bast\u00e3o de madeira para banner \u00e9 a melhor escolha para acabamento profissional e dur\u00e1vel. Se voc\u00ea busca um acabamento elegante e resistente para banners, o bast\u00e3o de madeira para banner \u00e9 a op\u00e7\u00e3o perfeita. Al\u00e9m de proporcionar estabilidade, ele d\u00e1 um toque natural e &hellip; <\/p>\n","protected":false},"author":1,"featured_media":55,"comment_status":"open","ping_status":"open","sticky":false,"template":"","format":"standard","meta":{"footnotes":""},"categories":[124],"tags":[2449,2443,2448,2436,2435,2437,2468,2445,2428,2439,2427,2454,2425,2460,2438,2469,2432,2447,2474,2446,2470,2426,2465,2463,2456,2430,2440,2458,2466,2462,2453,2459,2433,2467,2431,2444,2442,2472,2450,2434,2457,2452,2451,2455,2471,2464,2461,2473,2475,2429,2441],"class_list":["post-51","post","type-post","status-publish","format-standard","has-post-thumbnail","hentry","category-bastao-de-madeira-para-banner","tag-acabamento-banner-madeira","tag-acessorio-de-madeira-para-banner","tag-banner-com-acabamento-em-madeira","tag-bastao-banner-artesanal","tag-bastao-banner-atacado","tag-bastao-banner-ecologico","tag-bastao-banner-ecologico-vale-a-pena","tag-bastao-banner-feira","tag-bastao-banner-personalizado","tag-bastao-de-banner-para-eventos","tag-bastao-de-madeira-colina","tag-bastao-de-madeira-combina-com-quais-banners","tag-bastao-de-madeira-para-banner","tag-bastao-de-madeira-pode-ser-reutilizado","tag-bastao-de-madeira-sustentavel","tag-bastao-de-madeira-tem-boa-durabilidade","tag-bastao-madeira-decorativo","tag-bastao-madeira-publicidade","tag-bastao-para-banner-e-resistente-a-chuva","tag-bastao-para-banners-educativos","tag-bastao-para-cartaz-escolar-e-o-mesmo","tag-bastao-para-pendurar-banner","tag-bastoes-colina-sao-para-banners-grandes","tag-bastoes-de-madeira-colina-tem-garantia","tag-bastoes-de-madeira-sao-sustentaveis","tag-cabo-de-madeira-para-banner","tag-colina-cabos-de-madeira","tag-como-aplicar-bastao-em-banner-personalizado","tag-como-funciona-a-entrega-dos-bastoes-colina","tag-como-pendurar-um-banner-com-bastao","tag-como-usar-bastao-de-madeira-para-cartaz","tag-e-melhor-bastao-de-madeira-ou-pvc-para-banner","tag-fabricante-de-bastao-para-banner","tag-ha-variacoes-de-tamanho-nos-bastoes-colina","tag-haste-de-madeira-para-cartaz","tag-hastes-de-madeira-banners-promocionais","tag-madeiras-para-comunicacao-visual","tag-o-que-considerar-ao-comprar-bastao-para-banner","tag-o-que-e-bastao-de-madeira-para-banner","tag-onde-comprar-bastao-de-madeira","tag-onde-comprar-bastao-de-madeira-colina","tag-onde-encontrar-bastoes-de-madeira-para-banner","tag-para-que-serve-um-bastao-de-madeira-no-banner","tag-por-que-usar-bastao-em-banners-promocionais","tag-posso-pintar-bastao-de-madeira-para-banner","tag-quais-os-diferenciais-da-colina-cabos-de-madeira","tag-qual-espessura-ideal-para-bastao-de-banner","tag-qual-o-valor-medio-de-um-bastao-de-madeira","tag-quem-sao-os-clientes-da-colina-cabos","tag-suporte-de-madeira-para-banner","tag-suporte-para-cartaz-de-madeira"],"yoast_head":"<!-- This site is optimized with the Yoast SEO plugin v27.0 - https:\/\/yoast.com\/product\/yoast-seo-wordpress\/ -->\n<title>Bast\u00e3o de madeira para banner: conhe\u00e7a a Colina Cabos de Madeira - Colina Cabos de Madeira<\/title>\n<meta name=\"description\" content=\"Conhe\u00e7a a Colina Cabos de Madeira e descubra por que o bast\u00e3o de madeira para banner \u00e9 a melhor escolha para acabamento profissional e dur\u00e1vel.\" \/>\n<meta name=\"robots\" content=\"index, follow, max-snippet:-1, max-image-preview:large, max-video-preview:-1\" \/>\n<link rel=\"canonical\" href=\"https:\/\/colinacabosdemadeira.com.br\/blog\/bastao-de-madeira-para-banner-conheca-a-colina-cabos-de-madeira\/\" \/>\n<meta property=\"og:locale\" content=\"pt_BR\" \/>\n<meta property=\"og:type\" content=\"article\" \/>\n<meta property=\"og:title\" content=\"Bast\u00e3o de madeira para banner: conhe\u00e7a a Colina Cabos de Madeira - Colina Cabos de Madeira\" \/>\n<meta property=\"og:description\" content=\"Conhe\u00e7a a Colina Cabos de Madeira e descubra por que o bast\u00e3o de madeira para banner \u00e9 a melhor escolha para acabamento profissional e dur\u00e1vel.\" \/>\n<meta property=\"og:url\" content=\"https:\/\/colinacabosdemadeira.com.br\/blog\/bastao-de-madeira-para-banner-conheca-a-colina-cabos-de-madeira\/\" \/>\n<meta property=\"og:site_name\" content=\"Colina Cabos de Madeira\" \/>\n<meta property=\"article:published_time\" content=\"2025-02-28T17:25:45+00:00\" \/>\n<meta property=\"article:modified_time\" content=\"2025-08-04T11:52:31+00:00\" \/>\n<meta property=\"og:image\" content=\"https:\/\/colinacabosdemadeira.com.br\/blog\/wp-content\/uploads\/2024\/05\/Captura-de-tela-2024-05-17-162718.jpg\" \/>\n\t<meta property=\"og:image:width\" content=\"568\" \/>\n\t<meta property=\"og:image:height\" content=\"296\" \/>\n\t<meta property=\"og:image:type\" content=\"image\/jpeg\" \/>\n<meta name=\"author\" content=\"paula@bloomin.com.br\" \/>\n<meta name=\"twitter:card\" content=\"summary_large_image\" \/>\n<meta name=\"twitter:label1\" content=\"Escrito por\" \/>\n\t<meta name=\"twitter:data1\" content=\"paula@bloomin.com.br\" \/>\n\t<meta name=\"twitter:label2\" content=\"Est. tempo de leitura\" \/>\n\t<meta name=\"twitter:data2\" content=\"5 minutos\" \/>\n<script type=\"application\/ld+json\" class=\"yoast-schema-graph\">{\"@context\":\"https:\/\/schema.org\",\"@graph\":[{\"@type\":\"Article\",\"@id\":\"https:\/\/colinacabosdemadeira.com.br\/blog\/bastao-de-madeira-para-banner-conheca-a-colina-cabos-de-madeira\/#article\",\"isPartOf\":{\"@id\":\"https:\/\/colinacabosdemadeira.com.br\/blog\/bastao-de-madeira-para-banner-conheca-a-colina-cabos-de-madeira\/\"},\"author\":{\"name\":\"paula@bloomin.com.br\",\"@id\":\"https:\/\/colinacabosdemadeira.com.br\/blog\/#\/schema\/person\/5e151e0ea8cc67e390dd1718999048ec\"},\"headline\":\"Bast\u00e3o de madeira para banner: conhe\u00e7a a Colina Cabos de Madeira\",\"datePublished\":\"2025-02-28T17:25:45+00:00\",\"dateModified\":\"2025-08-04T11:52:31+00:00\",\"mainEntityOfPage\":{\"@id\":\"https:\/\/colinacabosdemadeira.com.br\/blog\/bastao-de-madeira-para-banner-conheca-a-colina-cabos-de-madeira\/\"},\"wordCount\":858,\"commentCount\":0,\"publisher\":{\"@id\":\"https:\/\/colinacabosdemadeira.com.br\/blog\/#organization\"},\"image\":{\"@id\":\"https:\/\/colinacabosdemadeira.com.br\/blog\/bastao-de-madeira-para-banner-conheca-a-colina-cabos-de-madeira\/#primaryimage\"},\"thumbnailUrl\":\"https:\/\/colinacabosdemadeira.com.br\/blog\/wp-content\/uploads\/2024\/05\/Captura-de-tela-2024-05-17-162718.jpg\",\"keywords\":[\"acabamento banner madeira\",\"acess\u00f3rio de madeira para banner\",\"banner com acabamento em madeira\",\"bast\u00e3o banner artesanal\",\"bast\u00e3o banner atacado\",\"bast\u00e3o banner ecol\u00f3gico\",\"bast\u00e3o banner ecol\u00f3gico vale a pena?\",\"bast\u00e3o banner feira\",\"bast\u00e3o banner personalizado\",\"bast\u00e3o de banner para eventos\",\"bast\u00e3o de madeira Colina\",\"bast\u00e3o de madeira combina com quais banners?\",\"bast\u00e3o de madeira para banner\",\"bast\u00e3o de madeira pode ser reutilizado?\",\"bast\u00e3o de madeira sustent\u00e1vel\",\"bast\u00e3o de madeira tem boa durabilidade?\",\"bast\u00e3o madeira decorativo\",\"bast\u00e3o madeira publicidade\",\"bast\u00e3o para banner \u00e9 resistente \u00e0 chuva?\",\"bast\u00e3o para banners educativos\",\"bast\u00e3o para cartaz escolar \u00e9 o mesmo?\",\"bast\u00e3o para pendurar banner\",\"bast\u00f5es Colina s\u00e3o para banners grandes?\",\"bast\u00f5es de madeira Colina t\u00eam garantia?\",\"bast\u00f5es de madeira s\u00e3o sustent\u00e1veis?\",\"cabo de madeira para banner\",\"colina cabos de madeira\",\"como aplicar bast\u00e3o em banner personalizado?\",\"como funciona a entrega dos bast\u00f5es Colina?\",\"como pendurar um banner com bast\u00e3o?\",\"como usar bast\u00e3o de madeira para cartaz?\",\"\u00e9 melhor bast\u00e3o de madeira ou PVC para banner?\",\"fabricante de bast\u00e3o para banner\",\"h\u00e1 varia\u00e7\u00f5es de tamanho nos bast\u00f5es Colina?\",\"haste de madeira para cartaz\",\"hastes de madeira banners promocionais\",\"madeiras para comunica\u00e7\u00e3o visual\",\"o que considerar ao comprar bast\u00e3o para banner?\",\"o que \u00e9 bast\u00e3o de madeira para banner?\",\"onde comprar bast\u00e3o de madeira\",\"onde comprar bast\u00e3o de madeira Colina?\",\"onde encontrar bast\u00f5es de madeira para banner?\",\"para que serve um bast\u00e3o de madeira no banner?\",\"por que usar bast\u00e3o em banners promocionais?\",\"posso pintar bast\u00e3o de madeira para banner?\",\"quais os diferenciais da Colina Cabos de Madeira?\",\"qual espessura ideal para bast\u00e3o de banner?\",\"qual o valor m\u00e9dio de um bast\u00e3o de madeira?\",\"quem s\u00e3o os clientes da Colina Cabos?\",\"suporte de madeira para banner\",\"suporte para cartaz de madeira\"],\"articleSection\":[\"Bast\u00e3o de madeira para banner\"],\"inLanguage\":\"pt-BR\",\"potentialAction\":[{\"@type\":\"CommentAction\",\"name\":\"Comment\",\"target\":[\"https:\/\/colinacabosdemadeira.com.br\/blog\/bastao-de-madeira-para-banner-conheca-a-colina-cabos-de-madeira\/#respond\"]}]},{\"@type\":\"WebPage\",\"@id\":\"https:\/\/colinacabosdemadeira.com.br\/blog\/bastao-de-madeira-para-banner-conheca-a-colina-cabos-de-madeira\/\",\"url\":\"https:\/\/colinacabosdemadeira.com.br\/blog\/bastao-de-madeira-para-banner-conheca-a-colina-cabos-de-madeira\/\",\"name\":\"Bast\u00e3o de madeira para banner: conhe\u00e7a a Colina Cabos de Madeira - Colina Cabos de Madeira\",\"isPartOf\":{\"@id\":\"https:\/\/colinacabosdemadeira.com.br\/blog\/#website\"},\"primaryImageOfPage\":{\"@id\":\"https:\/\/colinacabosdemadeira.com.br\/blog\/bastao-de-madeira-para-banner-conheca-a-colina-cabos-de-madeira\/#primaryimage\"},\"image\":{\"@id\":\"https:\/\/colinacabosdemadeira.com.br\/blog\/bastao-de-madeira-para-banner-conheca-a-colina-cabos-de-madeira\/#primaryimage\"},\"thumbnailUrl\":\"https:\/\/colinacabosdemadeira.com.br\/blog\/wp-content\/uploads\/2024\/05\/Captura-de-tela-2024-05-17-162718.jpg\",\"datePublished\":\"2025-02-28T17:25:45+00:00\",\"dateModified\":\"2025-08-04T11:52:31+00:00\",\"description\":\"Conhe\u00e7a a Colina Cabos de Madeira e descubra por que o bast\u00e3o de madeira para banner \u00e9 a melhor escolha para acabamento profissional e dur\u00e1vel.\",\"breadcrumb\":{\"@id\":\"https:\/\/colinacabosdemadeira.com.br\/blog\/bastao-de-madeira-para-banner-conheca-a-colina-cabos-de-madeira\/#breadcrumb\"},\"inLanguage\":\"pt-BR\",\"potentialAction\":[{\"@type\":\"ReadAction\",\"target\":[\"https:\/\/colinacabosdemadeira.com.br\/blog\/bastao-de-madeira-para-banner-conheca-a-colina-cabos-de-madeira\/\"]}]},{\"@type\":\"ImageObject\",\"inLanguage\":\"pt-BR\",\"@id\":\"https:\/\/colinacabosdemadeira.com.br\/blog\/bastao-de-madeira-para-banner-conheca-a-colina-cabos-de-madeira\/#primaryimage\",\"url\":\"https:\/\/colinacabosdemadeira.com.br\/blog\/wp-content\/uploads\/2024\/05\/Captura-de-tela-2024-05-17-162718.jpg\",\"contentUrl\":\"https:\/\/colinacabosdemadeira.com.br\/blog\/wp-content\/uploads\/2024\/05\/Captura-de-tela-2024-05-17-162718.jpg\",\"width\":568,\"height\":296,\"caption\":\"Bast\u00e3o de madeira para banner: conhe\u00e7a a Colina Cabos de Madeira\"},{\"@type\":\"BreadcrumbList\",\"@id\":\"https:\/\/colinacabosdemadeira.com.br\/blog\/bastao-de-madeira-para-banner-conheca-a-colina-cabos-de-madeira\/#breadcrumb\",\"itemListElement\":[{\"@type\":\"ListItem\",\"position\":1,\"name\":\"In\u00edcio\",\"item\":\"https:\/\/colinacabosdemadeira.com.br\/blog\/\"},{\"@type\":\"ListItem\",\"position\":2,\"name\":\"Bast\u00e3o de madeira para banner: conhe\u00e7a a Colina Cabos de Madeira\"}]},{\"@type\":\"WebSite\",\"@id\":\"https:\/\/colinacabosdemadeira.com.br\/blog\/#website\",\"url\":\"https:\/\/colinacabosdemadeira.com.br\/blog\/\",\"name\":\"Colina Cabos de Madeira\",\"description\":\"Blog | Colina Cabos de Madeira\",\"publisher\":{\"@id\":\"https:\/\/colinacabosdemadeira.com.br\/blog\/#organization\"},\"potentialAction\":[{\"@type\":\"SearchAction\",\"target\":{\"@type\":\"EntryPoint\",\"urlTemplate\":\"https:\/\/colinacabosdemadeira.com.br\/blog\/?s={search_term_string}\"},\"query-input\":{\"@type\":\"PropertyValueSpecification\",\"valueRequired\":true,\"valueName\":\"search_term_string\"}}],\"inLanguage\":\"pt-BR\"},{\"@type\":\"Organization\",\"@id\":\"https:\/\/colinacabosdemadeira.com.br\/blog\/#organization\",\"name\":\"Colina Cabos de Madeira\",\"url\":\"https:\/\/colinacabosdemadeira.com.br\/blog\/\",\"logo\":{\"@type\":\"ImageObject\",\"inLanguage\":\"pt-BR\",\"@id\":\"https:\/\/colinacabosdemadeira.com.br\/blog\/#\/schema\/logo\/image\/\",\"url\":\"https:\/\/colinacabosdemadeira.com.br\/blog\/wp-content\/uploads\/2024\/05\/logo-colina.webp\",\"contentUrl\":\"https:\/\/colinacabosdemadeira.com.br\/blog\/wp-content\/uploads\/2024\/05\/logo-colina.webp\",\"width\":150,\"height\":87,\"caption\":\"Colina Cabos de Madeira\"},\"image\":{\"@id\":\"https:\/\/colinacabosdemadeira.com.br\/blog\/#\/schema\/logo\/image\/\"}},{\"@type\":\"Person\",\"@id\":\"https:\/\/colinacabosdemadeira.com.br\/blog\/#\/schema\/person\/5e151e0ea8cc67e390dd1718999048ec\",\"name\":\"paula@bloomin.com.br\",\"image\":{\"@type\":\"ImageObject\",\"inLanguage\":\"pt-BR\",\"@id\":\"https:\/\/colinacabosdemadeira.com.br\/blog\/#\/schema\/person\/image\/\",\"url\":\"https:\/\/secure.gravatar.com\/avatar\/9ef9b5e7281a226f512db63573acf4a937b91710cb7b6b89348c19c02370573d?s=96&d=mm&r=g\",\"contentUrl\":\"https:\/\/secure.gravatar.com\/avatar\/9ef9b5e7281a226f512db63573acf4a937b91710cb7b6b89348c19c02370573d?s=96&d=mm&r=g\",\"caption\":\"paula@bloomin.com.br\"},\"sameAs\":[\"https:\/\/colinacabosdemadeira.com.br\/blog\"],\"url\":\"https:\/\/colinacabosdemadeira.com.br\/blog\/author\/paulabloomin-com-br\/\"}]}<\/script>\n<!-- \/ Yoast SEO plugin. -->","yoast_head_json":{"title":"Bast\u00e3o de madeira para banner: conhe\u00e7a a Colina Cabos de Madeira - Colina Cabos de Madeira","description":"Conhe\u00e7a a Colina Cabos de Madeira e descubra por que o bast\u00e3o de madeira para banner \u00e9 a melhor escolha para acabamento profissional e dur\u00e1vel.","robots":{"index":"index","follow":"follow","max-snippet":"max-snippet:-1","max-image-preview":"max-image-preview:large","max-video-preview":"max-video-preview:-1"},"canonical":"https:\/\/colinacabosdemadeira.com.br\/blog\/bastao-de-madeira-para-banner-conheca-a-colina-cabos-de-madeira\/","og_locale":"pt_BR","og_type":"article","og_title":"Bast\u00e3o de madeira para banner: conhe\u00e7a a Colina Cabos de Madeira - Colina Cabos de Madeira","og_description":"Conhe\u00e7a a Colina Cabos de Madeira e descubra por que o bast\u00e3o de madeira para banner \u00e9 a melhor escolha para acabamento profissional e dur\u00e1vel.","og_url":"https:\/\/colinacabosdemadeira.com.br\/blog\/bastao-de-madeira-para-banner-conheca-a-colina-cabos-de-madeira\/","og_site_name":"Colina Cabos de Madeira","article_published_time":"2025-02-28T17:25:45+00:00","article_modified_time":"2025-08-04T11:52:31+00:00","og_image":[{"width":568,"height":296,"url":"https:\/\/colinacabosdemadeira.com.br\/blog\/wp-content\/uploads\/2024\/05\/Captura-de-tela-2024-05-17-162718.jpg","type":"image\/jpeg"}],"author":"paula@bloomin.com.br","twitter_card":"summary_large_image","twitter_misc":{"Escrito por":"paula@bloomin.com.br","Est. tempo de leitura":"5 minutos"},"schema":{"@context":"https:\/\/schema.org","@graph":[{"@type":"Article","@id":"https:\/\/colinacabosdemadeira.com.br\/blog\/bastao-de-madeira-para-banner-conheca-a-colina-cabos-de-madeira\/#article","isPartOf":{"@id":"https:\/\/colinacabosdemadeira.com.br\/blog\/bastao-de-madeira-para-banner-conheca-a-colina-cabos-de-madeira\/"},"author":{"name":"paula@bloomin.com.br","@id":"https:\/\/colinacabosdemadeira.com.br\/blog\/#\/schema\/person\/5e151e0ea8cc67e390dd1718999048ec"},"headline":"Bast\u00e3o de madeira para banner: conhe\u00e7a a Colina Cabos de Madeira","datePublished":"2025-02-28T17:25:45+00:00","dateModified":"2025-08-04T11:52:31+00:00","mainEntityOfPage":{"@id":"https:\/\/colinacabosdemadeira.com.br\/blog\/bastao-de-madeira-para-banner-conheca-a-colina-cabos-de-madeira\/"},"wordCount":858,"commentCount":0,"publisher":{"@id":"https:\/\/colinacabosdemadeira.com.br\/blog\/#organization"},"image":{"@id":"https:\/\/colinacabosdemadeira.com.br\/blog\/bastao-de-madeira-para-banner-conheca-a-colina-cabos-de-madeira\/#primaryimage"},"thumbnailUrl":"https:\/\/colinacabosdemadeira.com.br\/blog\/wp-content\/uploads\/2024\/05\/Captura-de-tela-2024-05-17-162718.jpg","keywords":["acabamento banner madeira","acess\u00f3rio de madeira para banner","banner com acabamento em madeira","bast\u00e3o banner artesanal","bast\u00e3o banner atacado","bast\u00e3o banner ecol\u00f3gico","bast\u00e3o banner ecol\u00f3gico vale a pena?","bast\u00e3o banner feira","bast\u00e3o banner personalizado","bast\u00e3o de banner para eventos","bast\u00e3o de madeira Colina","bast\u00e3o de madeira combina com quais banners?","bast\u00e3o de madeira para banner","bast\u00e3o de madeira pode ser reutilizado?","bast\u00e3o de madeira sustent\u00e1vel","bast\u00e3o de madeira tem boa durabilidade?","bast\u00e3o madeira decorativo","bast\u00e3o madeira publicidade","bast\u00e3o para banner \u00e9 resistente \u00e0 chuva?","bast\u00e3o para banners educativos","bast\u00e3o para cartaz escolar \u00e9 o mesmo?","bast\u00e3o para pendurar banner","bast\u00f5es Colina s\u00e3o para banners grandes?","bast\u00f5es de madeira Colina t\u00eam garantia?","bast\u00f5es de madeira s\u00e3o sustent\u00e1veis?","cabo de madeira para banner","colina cabos de madeira","como aplicar bast\u00e3o em banner personalizado?","como funciona a entrega dos bast\u00f5es Colina?","como pendurar um banner com bast\u00e3o?","como usar bast\u00e3o de madeira para cartaz?","\u00e9 melhor bast\u00e3o de madeira ou PVC para banner?","fabricante de bast\u00e3o para banner","h\u00e1 varia\u00e7\u00f5es de tamanho nos bast\u00f5es Colina?","haste de madeira para cartaz","hastes de madeira banners promocionais","madeiras para comunica\u00e7\u00e3o visual","o que considerar ao comprar bast\u00e3o para banner?","o que \u00e9 bast\u00e3o de madeira para banner?","onde comprar bast\u00e3o de madeira","onde comprar bast\u00e3o de madeira Colina?","onde encontrar bast\u00f5es de madeira para banner?","para que serve um bast\u00e3o de madeira no banner?","por que usar bast\u00e3o em banners promocionais?","posso pintar bast\u00e3o de madeira para banner?","quais os diferenciais da Colina Cabos de Madeira?","qual espessura ideal para bast\u00e3o de banner?","qual o valor m\u00e9dio de um bast\u00e3o de madeira?","quem s\u00e3o os clientes da Colina Cabos?","suporte de madeira para banner","suporte para cartaz de madeira"],"articleSection":["Bast\u00e3o de madeira para banner"],"inLanguage":"pt-BR","potentialAction":[{"@type":"CommentAction","name":"Comment","target":["https:\/\/colinacabosdemadeira.com.br\/blog\/bastao-de-madeira-para-banner-conheca-a-colina-cabos-de-madeira\/#respond"]}]},{"@type":"WebPage","@id":"https:\/\/colinacabosdemadeira.com.br\/blog\/bastao-de-madeira-para-banner-conheca-a-colina-cabos-de-madeira\/","url":"https:\/\/colinacabosdemadeira.com.br\/blog\/bastao-de-madeira-para-banner-conheca-a-colina-cabos-de-madeira\/","name":"Bast\u00e3o de madeira para banner: conhe\u00e7a a Colina Cabos de Madeira - Colina Cabos de Madeira","isPartOf":{"@id":"https:\/\/colinacabosdemadeira.com.br\/blog\/#website"},"primaryImageOfPage":{"@id":"https:\/\/colinacabosdemadeira.com.br\/blog\/bastao-de-madeira-para-banner-conheca-a-colina-cabos-de-madeira\/#primaryimage"},"image":{"@id":"https:\/\/colinacabosdemadeira.com.br\/blog\/bastao-de-madeira-para-banner-conheca-a-colina-cabos-de-madeira\/#primaryimage"},"thumbnailUrl":"https:\/\/colinacabosdemadeira.com.br\/blog\/wp-content\/uploads\/2024\/05\/Captura-de-tela-2024-05-17-162718.jpg","datePublished":"2025-02-28T17:25:45+00:00","dateModified":"2025-08-04T11:52:31+00:00","description":"Conhe\u00e7a a Colina Cabos de Madeira e descubra por que o bast\u00e3o de madeira para banner \u00e9 a melhor escolha para acabamento profissional e dur\u00e1vel.","breadcrumb":{"@id":"https:\/\/colinacabosdemadeira.com.br\/blog\/bastao-de-madeira-para-banner-conheca-a-colina-cabos-de-madeira\/#breadcrumb"},"inLanguage":"pt-BR","potentialAction":[{"@type":"ReadAction","target":["https:\/\/colinacabosdemadeira.com.br\/blog\/bastao-de-madeira-para-banner-conheca-a-colina-cabos-de-madeira\/"]}]},{"@type":"ImageObject","inLanguage":"pt-BR","@id":"https:\/\/colinacabosdemadeira.com.br\/blog\/bastao-de-madeira-para-banner-conheca-a-colina-cabos-de-madeira\/#primaryimage","url":"https:\/\/colinacabosdemadeira.com.br\/blog\/wp-content\/uploads\/2024\/05\/Captura-de-tela-2024-05-17-162718.jpg","contentUrl":"https:\/\/colinacabosdemadeira.com.br\/blog\/wp-content\/uploads\/2024\/05\/Captura-de-tela-2024-05-17-162718.jpg","width":568,"height":296,"caption":"Bast\u00e3o de madeira para banner: conhe\u00e7a a Colina Cabos de Madeira"},{"@type":"BreadcrumbList","@id":"https:\/\/colinacabosdemadeira.com.br\/blog\/bastao-de-madeira-para-banner-conheca-a-colina-cabos-de-madeira\/#breadcrumb","itemListElement":[{"@type":"ListItem","position":1,"name":"In\u00edcio","item":"https:\/\/colinacabosdemadeira.com.br\/blog\/"},{"@type":"ListItem","position":2,"name":"Bast\u00e3o de madeira para banner: conhe\u00e7a a Colina Cabos de Madeira"}]},{"@type":"WebSite","@id":"https:\/\/colinacabosdemadeira.com.br\/blog\/#website","url":"https:\/\/colinacabosdemadeira.com.br\/blog\/","name":"Colina Cabos de Madeira","description":"Blog | Colina Cabos de Madeira","publisher":{"@id":"https:\/\/colinacabosdemadeira.com.br\/blog\/#organization"},"potentialAction":[{"@type":"SearchAction","target":{"@type":"EntryPoint","urlTemplate":"https:\/\/colinacabosdemadeira.com.br\/blog\/?s={search_term_string}"},"query-input":{"@type":"PropertyValueSpecification","valueRequired":true,"valueName":"search_term_string"}}],"inLanguage":"pt-BR"},{"@type":"Organization","@id":"https:\/\/colinacabosdemadeira.com.br\/blog\/#organization","name":"Colina Cabos de Madeira","url":"https:\/\/colinacabosdemadeira.com.br\/blog\/","logo":{"@type":"ImageObject","inLanguage":"pt-BR","@id":"https:\/\/colinacabosdemadeira.com.br\/blog\/#\/schema\/logo\/image\/","url":"https:\/\/colinacabosdemadeira.com.br\/blog\/wp-content\/uploads\/2024\/05\/logo-colina.webp","contentUrl":"https:\/\/colinacabosdemadeira.com.br\/blog\/wp-content\/uploads\/2024\/05\/logo-colina.webp","width":150,"height":87,"caption":"Colina Cabos de Madeira"},"image":{"@id":"https:\/\/colinacabosdemadeira.com.br\/blog\/#\/schema\/logo\/image\/"}},{"@type":"Person","@id":"https:\/\/colinacabosdemadeira.com.br\/blog\/#\/schema\/person\/5e151e0ea8cc67e390dd1718999048ec","name":"paula@bloomin.com.br","image":{"@type":"ImageObject","inLanguage":"pt-BR","@id":"https:\/\/colinacabosdemadeira.com.br\/blog\/#\/schema\/person\/image\/","url":"https:\/\/secure.gravatar.com\/avatar\/9ef9b5e7281a226f512db63573acf4a937b91710cb7b6b89348c19c02370573d?s=96&d=mm&r=g","contentUrl":"https:\/\/secure.gravatar.com\/avatar\/9ef9b5e7281a226f512db63573acf4a937b91710cb7b6b89348c19c02370573d?s=96&d=mm&r=g","caption":"paula@bloomin.com.br"},"sameAs":["https:\/\/colinacabosdemadeira.com.br\/blog"],"url":"https:\/\/colinacabosdemadeira.com.br\/blog\/author\/paulabloomin-com-br\/"}]}},"_links":{"self":[{"href":"https:\/\/colinacabosdemadeira.com.br\/blog\/wp-json\/wp\/v2\/posts\/51","targetHints":{"allow":["GET"]}}],"collection":[{"href":"https:\/\/colinacabosdemadeira.com.br\/blog\/wp-json\/wp\/v2\/posts"}],"about":[{"href":"https:\/\/colinacabosdemadeira.com.br\/blog\/wp-json\/wp\/v2\/types\/post"}],"author":[{"embeddable":true,"href":"https:\/\/colinacabosdemadeira.com.br\/blog\/wp-json\/wp\/v2\/users\/1"}],"replies":[{"embeddable":true,"href":"https:\/\/colinacabosdemadeira.com.br\/blog\/wp-json\/wp\/v2\/comments?post=51"}],"version-history":[{"count":3,"href":"https:\/\/colinacabosdemadeira.com.br\/blog\/wp-json\/wp\/v2\/posts\/51\/revisions"}],"predecessor-version":[{"id":130,"href":"https:\/\/colinacabosdemadeira.com.br\/blog\/wp-json\/wp\/v2\/posts\/51\/revisions\/130"}],"wp:featuredmedia":[{"embeddable":true,"href":"https:\/\/colinacabosdemadeira.com.br\/blog\/wp-json\/wp\/v2\/media\/55"}],"wp:attachment":[{"href":"https:\/\/colinacabosdemadeira.com.br\/blog\/wp-json\/wp\/v2\/media?parent=51"}],"wp:term":[{"taxonomy":"category","embeddable":true,"href":"https:\/\/colinacabosdemadeira.com.br\/blog\/wp-json\/wp\/v2\/categories?post=51"},{"taxonomy":"post_tag","embeddable":true,"href":"https:\/\/colinacabosdemadeira.com.br\/blog\/wp-json\/wp\/v2\/tags?post=51"}],"curies":[{"name":"wp","href":"https:\/\/api.w.org\/{rel}","templated":true}]}}