{"id":237,"date":"2026-04-29T08:27:05","date_gmt":"2026-04-29T11:27:05","guid":{"rendered":"https:\/\/colinacabosdemadeira.com.br\/blog\/?p=237"},"modified":"2026-04-29T08:27:07","modified_gmt":"2026-04-29T11:27:07","slug":"fabrica-de-cabos-de-madeira-para-panelas-solicite-seu-orcamento","status":"publish","type":"post","link":"https:\/\/colinacabosdemadeira.com.br\/blog\/fabrica-de-cabos-de-madeira-para-panelas-solicite-seu-orcamento\/","title":{"rendered":"F\u00e1brica de cabos de madeira para panelas: solicite seu or\u00e7amento"},"content":{"rendered":"<span class=\"span-reading-time rt-reading-time\" style=\"display: block;\"><span class=\"rt-label rt-prefix\">Tempo de leitura: <\/span> <span class=\"rt-time\"> 4<\/span> <span class=\"rt-label rt-postfix\">minutos<\/span><\/span>\n<p class=\"has-medium-font-size\"><strong>Compre cabos de madeira para panelas direto da f\u00e1brica. A Colina oferece produtos torneados, resistentes e com entrega para todo o Brasil.&nbsp;<\/strong><\/p>\n\n\n\n<p>Quem precisa de <strong>cabos de madeira para panelas<\/strong> em volume sabe o quanto \u00e9 importante contar com um fornecedor confi\u00e1vel, que entregue qualidade constante e prazo. \u00c9 exatamente isso que a Colina Cabos de Madeira oferece h\u00e1 anos no mercado brasileiro.<\/p>\n\n\n\n<p>Seja para equipar uma linha de produ\u00e7\u00e3o, reabastecer o estoque de uma loja ou montar um kit completo de utens\u00edlios, aqui voc\u00ea encontra o produto certo, com o acabamento certo, sa\u00eddo direto da f\u00e1brica.<\/p>\n\n\n\n<p>Sem intermedi\u00e1rios. Sem surpresas no pedido.<\/p>\n\n\n\n<ul class=\"wp-block-list\">\n<li><a href=\"https:\/\/colinacabosdemadeira.com.br\/blog\/o-que-e-maravalha-de-pinus-e-para-que-ela-serve\/\">O que \u00e9 maravalha de pinus e para que ela serve<\/a><\/li>\n<\/ul>\n\n\n\n<h2 class=\"wp-block-heading\"><strong>Por que comprar cabos de madeira direto da f\u00e1brica<\/strong><\/h2>\n\n\n\n<p>Trabalhar com um <strong>fornecedor de cabos de madeira para panelas<\/strong> que tamb\u00e9m \u00e9 fabricante muda completamente a rela\u00e7\u00e3o comercial. O pre\u00e7o \u00e9 mais competitivo, o atendimento \u00e9 mais direto e a rastreabilidade do produto \u00e9 total.<\/p>\n\n\n\n<p>Na Colina, toda a linha passa por controle de qualidade desde a mat\u00e9ria-prima. Isso garante que os cabos cheguem at\u00e9 o cliente final com as propriedades mec\u00e2nicas que fazem diferen\u00e7a no dia a dia: firmeza no encaixe, resist\u00eancia ao calor e durabilidade no uso intenso.<\/p>\n\n\n\n<p>Quem revende ou fabrica utens\u00edlios de cozinha sabe que um cabo que solta ou racha gera devolu\u00e7\u00e3o e perde a confian\u00e7a do consumidor. Com a Colina, isso n\u00e3o entra no c\u00e1lculo.<\/p>\n\n\n\n<h2 class=\"wp-block-heading\"><strong>Linha completa de cabos torneados para diferentes aplica\u00e7\u00f5es<\/strong><\/h2>\n\n\n\n<p>A Colina trabalha com uma linha ampla de <strong>cabos de madeira torneados<\/strong>, desenvolvidos para diferentes modelos de panelas e canec\u00f5es. Cada produto \u00e9 pensado para encaixar bem, ter boa pegada e aguentar o uso em cozinhas com movimento intenso.<\/p>\n\n\n\n<p>Confira os principais tipos dispon\u00edveis:<\/p>\n\n\n\n<ul class=\"wp-block-list\">\n<li><strong>Cabos retos<\/strong> para panelas convencionais e frigideiras<\/li>\n\n\n\n<li><strong>Cabos curvos e ergon\u00f4micos<\/strong> para melhor apoio da m\u00e3o<\/li>\n\n\n\n<li><strong>Cabos para canec\u00f5es<\/strong> com especifica\u00e7\u00f5es de comprimento e di\u00e2metro personaliz\u00e1veis<\/li>\n\n\n\n<li><strong>Modelos torneados com acabamento natural ou tratado<\/strong><\/li>\n\n\n\n<li><strong>Op\u00e7\u00f5es sob medida<\/strong> conforme o projeto do cliente<\/li>\n<\/ul>\n\n\n\n<p>Se o seu produto tem uma especifica\u00e7\u00e3o fora do padr\u00e3o, a Colina tem capacidade para desenvolver sob encomenda. Basta entrar em contato e apresentar as medidas.<\/p>\n\n\n\n<h2 class=\"wp-block-heading\"><strong>Cabos para frigideira direto da f\u00e1brica: qualidade que faz diferen\u00e7a<\/strong><\/h2>\n\n\n\n<p><strong>Cabos para frigideira direto da f\u00e1brica<\/strong> precisam atender crit\u00e9rios espec\u00edficos: peso equilibrado, comprimento adequado e resist\u00eancia ao uso di\u00e1rio.&nbsp;<\/p>\n\n\n\n<p>A madeira torneada oferece uma ader\u00eancia natural que materiais sint\u00e9ticos muitas vezes n\u00e3o entregam, especialmente em cozinhas profissionais.<\/p>\n\n\n\n<p>A Colina trabalha com madeira selecionada, que n\u00e3o absorve umidade em excesso e mant\u00e9m a integridade mesmo ap\u00f3s lavagens repetidas. \u00c9 um produto que funciona de verdade, n\u00e3o s\u00f3 na embalagem.<\/p>\n\n\n\n<p>Para ind\u00fastrias de utens\u00edlios e fabricantes de panelas, isso representa menos retrabalho, menos reclama\u00e7\u00e3o e mais satisfa\u00e7\u00e3o do cliente final.<\/p>\n\n\n\n<ul class=\"wp-block-list\">\n<li><a href=\"https:\/\/colinacabosdemadeira.com.br\/blog\/fabrica-de-cabos-de-madeira-em-sao-paulo-para-producao-de-lotes-industriais\/\">F\u00e1brica de cabos de madeira em S\u00e3o Paulo para produ\u00e7\u00e3o de lotes industriais<\/a><\/li>\n<\/ul>\n\n\n\n<h3 class=\"wp-block-heading\"><strong>Atendimento em S\u00e3o Paulo e distribui\u00e7\u00e3o nacional<\/strong><\/h3>\n\n\n\n<p>Para quem busca <strong>cabos de madeira para panelas em S\u00e3o Paulo<\/strong>, a Colina oferece log\u00edstica \u00e1gil e atendimento comercial preparado para volumes variados, do pedido pontual ao fornecimento cont\u00ednuo.<\/p>\n\n\n\n<p>S\u00e3o Paulo concentra uma das maiores demandas do pa\u00eds por utens\u00edlios de cozinha, tanto no varejo quanto na ind\u00fastria aliment\u00edcia. Por isso, atender bem esse mercado faz parte da estrat\u00e9gia da Colina.<\/p>\n\n\n\n<p>Mas o alcance vai al\u00e9m. A distribui\u00e7\u00e3o cobre todo o Brasil, com suporte para empresas de diferentes portes que precisam de <strong>cabos de madeira torneados<\/strong> com regularidade e qualidade garantida.<\/p>\n\n\n\n<h3 class=\"wp-block-heading\"><strong>O que avaliar antes de escolher seu fornecedor<\/strong><\/h3>\n\n\n\n<p>Na hora de <strong>comprar cabos de madeira para panelas<\/strong>, alguns crit\u00e9rios fazem diferen\u00e7a na decis\u00e3o:<\/p>\n\n\n\n<ul class=\"wp-block-list\">\n<li>Capacidade de produ\u00e7\u00e3o para atender o volume que voc\u00ea precisa<\/li>\n\n\n\n<li>Flexibilidade para personaliza\u00e7\u00e3o de medidas e acabamento<\/li>\n\n\n\n<li>Consist\u00eancia na qualidade lote a lote<\/li>\n\n\n\n<li>Prazo de entrega compat\u00edvel com sua opera\u00e7\u00e3o<\/li>\n\n\n\n<li>Atendimento comercial que entende o seu produto<\/li>\n<\/ul>\n\n\n\n<p>A Colina atende todos esses pontos com estrutura pr\u00f3pria de fabrica\u00e7\u00e3o e equipe focada em dar suporte real ao cliente, n\u00e3o s\u00f3 fechar pedido.<\/p>\n\n\n\n<h2 class=\"wp-block-heading\"><strong>A Colina Cabos de Madeira: tradi\u00e7\u00e3o e qualidade em cada pe\u00e7a<\/strong><\/h2>\n\n\n\n<p>A <strong>Colina Cabos de Madeira<\/strong> construiu sua reputa\u00e7\u00e3o ao longo dos anos entregando produtos que funcionam. N\u00e3o \u00e9 uma promessa de cat\u00e1logo: \u00e9 resultado de um processo produtivo maduro, com controle de qualidade em cada etapa.<\/p>\n\n\n\n<p>A empresa oferece uma linha completa de artefatos de madeira, sendo os <strong>cabos para panelas e canec\u00f5es<\/strong> um dos carros-chefe da produ\u00e7\u00e3o. Produtos que combinam tradi\u00e7\u00e3o artesanal com capacidade industrial para suprir demandas de qualquer escala.<\/p>\n\n\n\n<p>Se voc\u00ea procura um <strong>fornecedor de cabos de madeira para panelas<\/strong> que entregue o que promete, a Colina est\u00e1 pronta para atender.<\/p>\n\n\n\n<p><strong>Solicite agora o seu or\u00e7amento e descubra como a Colina pode se tornar o fornecedor certo para o seu neg\u00f3cio.&nbsp;<\/strong><\/p>\n\n\n\n<p><strong><a href=\"https:\/\/colinacabosdemadeira.com.br\/contato\">Entre em contato<\/a>, apresente sua demanda e receba uma proposta personalizada direto da f\u00e1brica.<\/strong><\/p>\n\n\n\n<ul class=\"wp-block-list\">\n<li><a href=\"https:\/\/colinacabosdemadeira.com.br\/blog\/por-que-sua-loja-deve-oferecer-cabos-de-madeira-para-riscador-de-formica-e-construcao-civil\/\">Por que sua loja deve oferecer cabos de madeira para riscador de f\u00f3rmica e constru\u00e7\u00e3o civil?<\/a><\/li>\n<\/ul>\n","protected":false},"excerpt":{"rendered":"<p><span class=\"span-reading-time rt-reading-time\" style=\"display: block;\"><span class=\"rt-label rt-prefix\">Tempo de leitura: <\/span> <span class=\"rt-time\"> 4<\/span> <span class=\"rt-label rt-postfix\">minutos<\/span><\/span>Compre cabos de madeira para panelas direto da f\u00e1brica. A Colina oferece produtos torneados, resistentes e com entrega para todo o Brasil.&nbsp; Quem precisa de cabos de madeira para panelas em volume sabe o quanto \u00e9 importante contar com um fornecedor confi\u00e1vel, que entregue qualidade constante e prazo. \u00c9 exatamente isso que a Colina Cabos &hellip; <\/p>\n","protected":false},"author":1,"featured_media":238,"comment_status":"open","ping_status":"open","sticky":false,"template":"","format":"standard","meta":{"footnotes":""},"categories":[3],"tags":[3963,3938,3941,3946,3940,3943,3939,3944,3949,3947,3972,3975,4002,3992,4003,4006,3989,4005,4008,3985,4001,4015,4007,3999,3988,4011,4009,3998,3977,3994,4014,4017,3986,3996,3990,3987,3993,4020,3936,3997,3995,3974,4000,4004,4016,3991,4010,4012,4019,4021,3980,3983,3982,3979,3984,3981,4018,4013,3969,3976,3973,3978,3958,3962,3955,1382,3953,3932,3937,2440,3952,3961,3951,3934,3968,3967,3964,3933,3942,3966,3935,3945,3970,3954,3960,3948,3959,3957,3956,3965,3950,3971],"class_list":["post-237","post","type-post","status-publish","format-standard","has-post-thumbnail","hentry","category-cabo-de-madeira","tag-a-colina-cabos-de-madeira-atende-sao-paulo","tag-artefatos-de-madeira-para-cozinha","tag-cabo-de-madeira-para-canecao","tag-cabo-de-madeira-para-frigideira-profissional","tag-cabo-de-madeira-para-panela-atacado","tag-cabo-de-madeira-para-utensilios-de-cozinha","tag-cabo-de-madeira-personalizado-para-panela","tag-cabo-de-madeira-resistente-para-panela","tag-cabo-de-madeira-torneado-sob-medida","tag-cabos-de-madeira-para-industria-de-panelas","tag-cabos-de-madeira-para-panelas-comprar","tag-cabos-de-madeira-para-panelas-direto-da-fabrica","tag-cabos-de-madeira-para-panelas-em-barueri","tag-cabos-de-madeira-para-panelas-em-campinas","tag-cabos-de-madeira-para-panelas-em-carapicuiba","tag-cabos-de-madeira-para-panelas-em-cotia","tag-cabos-de-madeira-para-panelas-em-diadema","tag-cabos-de-madeira-para-panelas-em-embu-das-artes","tag-cabos-de-madeira-para-panelas-em-ferraz-de-vasconcelos","tag-cabos-de-madeira-para-panelas-em-guarulhos","tag-cabos-de-madeira-para-panelas-em-itaquaquecetuba","tag-cabos-de-madeira-para-panelas-em-itaquera","tag-cabos-de-madeira-para-panelas-em-maua","tag-cabos-de-madeira-para-panelas-em-mogi-das-cruzes","tag-cabos-de-madeira-para-panelas-em-osasco","tag-cabos-de-madeira-para-panelas-em-pinheiros","tag-cabos-de-madeira-para-panelas-em-pirituba","tag-cabos-de-madeira-para-panelas-em-praia-grande","tag-cabos-de-madeira-para-panelas-em-promocao","tag-cabos-de-madeira-para-panelas-em-ribeirao-preto","tag-cabos-de-madeira-para-panelas-em-santana","tag-cabos-de-madeira-para-panelas-em-santo-amaro","tag-cabos-de-madeira-para-panelas-em-santo-andre","tag-cabos-de-madeira-para-panelas-em-santos","tag-cabos-de-madeira-para-panelas-em-sao-bernardo","tag-cabos-de-madeira-para-panelas-em-sao-caetano","tag-cabos-de-madeira-para-panelas-em-sao-jose-dos-campos","tag-cabos-de-madeira-para-panelas-em-sao-mateus","tag-cabos-de-madeira-para-panelas-em-sao-paulo","tag-cabos-de-madeira-para-panelas-em-sao-vicente","tag-cabos-de-madeira-para-panelas-em-sorocaba","tag-cabos-de-madeira-para-panelas-em-sp","tag-cabos-de-madeira-para-panelas-em-suzano","tag-cabos-de-madeira-para-panelas-em-taboao-da-serra","tag-cabos-de-madeira-para-panelas-em-vila-mariana","tag-cabos-de-madeira-para-panelas-na-baixada-santista","tag-cabos-de-madeira-para-panelas-na-lapa","tag-cabos-de-madeira-para-panelas-na-mooca","tag-cabos-de-madeira-para-panelas-na-penha","tag-cabos-de-madeira-para-panelas-na-vila-prudente","tag-cabos-de-madeira-para-panelas-na-zona-leste","tag-cabos-de-madeira-para-panelas-na-zona-norte","tag-cabos-de-madeira-para-panelas-na-zona-oeste","tag-cabos-de-madeira-para-panelas-na-zona-sul","tag-cabos-de-madeira-para-panelas-no-abc","tag-cabos-de-madeira-para-panelas-no-centro","tag-cabos-de-madeira-para-panelas-no-ipiranga","tag-cabos-de-madeira-para-panelas-no-tatuape","tag-cabos-de-madeira-para-panelas-onde-encontrar","tag-cabos-de-madeira-para-panelas-perto-de-mim","tag-cabos-de-madeira-para-panelas-preco","tag-cabos-de-madeira-para-panelas-proximo-a-mim","tag-cabos-de-madeira-para-panelas-sao-fabricados-sob-medida","tag-cabos-de-madeira-para-panelas-tem-entrega-para-todo-o-brasil","tag-cabos-de-madeira-para-panelas-tem-personalizacao-disponivel","tag-cabos-de-madeira-torneados","tag-cabos-de-madeira-torneados-sao-resistentes-ao-calor","tag-cabos-para-frigideira-direto-da-fabrica","tag-cabos-torneados-para-panelas","tag-colina-cabos-de-madeira","tag-como-encontrar-fornecedor-de-cabos-de-madeira-para-panelas","tag-como-escolher-um-bom-fornecedor-de-cabos-de-madeira","tag-como-solicitar-orcamento-de-cabos-de-madeira-para-panelas","tag-comprar-cabos-de-madeira-para-panelas","tag-distribuidor-de-cabos-de-madeira-para-panelas","tag-distribuidora-de-cabos-de-madeira-para-panelas","tag-empresa-de-cabos-de-madeira-para-panelas","tag-fabrica-de-cabos-de-madeira-para-panelas","tag-fabricante-de-cabos-de-madeira-brasil","tag-fabricante-de-cabos-de-madeira-para-panelas","tag-fornecedor-de-cabos-de-madeira-para-panelas","tag-fornecedor-de-utensilios-de-madeira-sao-paulo","tag-loja-de-cabos-de-madeira-para-panelas","tag-onde-comprar-cabos-de-madeira-para-panelas-em-sao-paulo","tag-onde-encontrar-fornecedor-de-artefatos-de-madeira-para-cozinha","tag-orcamento-cabo-de-madeira-panela","tag-posso-comprar-cabos-de-madeira-para-panelas-em-grandes-volumes","tag-qual-a-diferenca-entre-cabo-de-madeira-para-panela-e-para-frigideira","tag-qual-fabrica-fornece-cabos-de-madeira-para-panelas-no-brasil","tag-qual-material-e-melhor-para-cabo-de-panela","tag-qual-o-melhor-cabo-de-madeira-para-panela","tag-revendedor-de-cabos-de-madeira-para-panelas"],"yoast_head":"<!-- This site is optimized with the Yoast SEO plugin v27.0 - https:\/\/yoast.com\/product\/yoast-seo-wordpress\/ -->\n<title>F\u00e1brica de cabos de madeira para panelas: solicite seu or\u00e7amento - Colina Cabos de Madeira<\/title>\n<meta name=\"description\" content=\"Compre cabos de madeira para panelas direto da f\u00e1brica. A Colina oferece produtos torneados, resistentes e com entrega para todo o Brasil.\u00a0\" \/>\n<meta name=\"robots\" content=\"index, follow, max-snippet:-1, max-image-preview:large, max-video-preview:-1\" \/>\n<link rel=\"canonical\" href=\"https:\/\/colinacabosdemadeira.com.br\/blog\/fabrica-de-cabos-de-madeira-para-panelas-solicite-seu-orcamento\/\" \/>\n<meta property=\"og:locale\" content=\"pt_BR\" \/>\n<meta property=\"og:type\" content=\"article\" \/>\n<meta property=\"og:title\" content=\"F\u00e1brica de cabos de madeira para panelas: solicite seu or\u00e7amento - Colina Cabos de Madeira\" \/>\n<meta property=\"og:description\" content=\"Compre cabos de madeira para panelas direto da f\u00e1brica. A Colina oferece produtos torneados, resistentes e com entrega para todo o Brasil.\u00a0\" \/>\n<meta property=\"og:url\" content=\"https:\/\/colinacabosdemadeira.com.br\/blog\/fabrica-de-cabos-de-madeira-para-panelas-solicite-seu-orcamento\/\" \/>\n<meta property=\"og:site_name\" content=\"Colina Cabos de Madeira\" \/>\n<meta property=\"article:published_time\" content=\"2026-04-29T11:27:05+00:00\" \/>\n<meta property=\"article:modified_time\" content=\"2026-04-29T11:27:07+00:00\" \/>\n<meta property=\"og:image\" content=\"https:\/\/colinacabosdemadeira.com.br\/blog\/wp-content\/uploads\/2026\/04\/cabos-para-panelas-frigideira-e-canecao.jpg\" \/>\n\t<meta property=\"og:image:width\" content=\"437\" \/>\n\t<meta property=\"og:image:height\" content=\"254\" \/>\n\t<meta property=\"og:image:type\" content=\"image\/jpeg\" \/>\n<meta name=\"author\" content=\"paula@bloomin.com.br\" \/>\n<meta name=\"twitter:card\" content=\"summary_large_image\" \/>\n<meta name=\"twitter:label1\" content=\"Escrito por\" \/>\n\t<meta name=\"twitter:data1\" content=\"paula@bloomin.com.br\" \/>\n\t<meta name=\"twitter:label2\" content=\"Est. tempo de leitura\" \/>\n\t<meta name=\"twitter:data2\" content=\"5 minutos\" \/>\n<script type=\"application\/ld+json\" class=\"yoast-schema-graph\">{\"@context\":\"https:\/\/schema.org\",\"@graph\":[{\"@type\":\"Article\",\"@id\":\"https:\/\/colinacabosdemadeira.com.br\/blog\/fabrica-de-cabos-de-madeira-para-panelas-solicite-seu-orcamento\/#article\",\"isPartOf\":{\"@id\":\"https:\/\/colinacabosdemadeira.com.br\/blog\/fabrica-de-cabos-de-madeira-para-panelas-solicite-seu-orcamento\/\"},\"author\":{\"name\":\"paula@bloomin.com.br\",\"@id\":\"https:\/\/colinacabosdemadeira.com.br\/blog\/#\/schema\/person\/5e151e0ea8cc67e390dd1718999048ec\"},\"headline\":\"F\u00e1brica de cabos de madeira para panelas: solicite seu or\u00e7amento\",\"datePublished\":\"2026-04-29T11:27:05+00:00\",\"dateModified\":\"2026-04-29T11:27:07+00:00\",\"mainEntityOfPage\":{\"@id\":\"https:\/\/colinacabosdemadeira.com.br\/blog\/fabrica-de-cabos-de-madeira-para-panelas-solicite-seu-orcamento\/\"},\"wordCount\":896,\"commentCount\":0,\"publisher\":{\"@id\":\"https:\/\/colinacabosdemadeira.com.br\/blog\/#organization\"},\"image\":{\"@id\":\"https:\/\/colinacabosdemadeira.com.br\/blog\/fabrica-de-cabos-de-madeira-para-panelas-solicite-seu-orcamento\/#primaryimage\"},\"thumbnailUrl\":\"https:\/\/colinacabosdemadeira.com.br\/blog\/wp-content\/uploads\/2026\/04\/cabos-para-panelas-frigideira-e-canecao.jpg\",\"keywords\":[\"a Colina Cabos de Madeira atende S\u00e3o Paulo?\",\"artefatos de madeira para cozinha\",\"cabo de madeira para canec\u00e3o\",\"cabo de madeira para frigideira profissional\",\"cabo de madeira para panela atacado\",\"cabo de madeira para utens\u00edlios de cozinha\",\"cabo de madeira personalizado para panela\",\"cabo de madeira resistente para panela\",\"cabo de madeira torneado sob medida\",\"cabos de madeira para ind\u00fastria de panelas\",\"cabos de madeira para panelas comprar\",\"cabos de madeira para panelas direto da fabrica\",\"cabos de madeira para panelas em Barueri\",\"cabos de madeira para panelas em Campinas\",\"cabos de madeira para panelas em Carapicu\u00edba\",\"cabos de madeira para panelas em Cotia\",\"cabos de madeira para panelas em Diadema\",\"cabos de madeira para panelas em Embu das Artes\",\"cabos de madeira para panelas em Ferraz de Vasconcelos\",\"cabos de madeira para panelas em Guarulhos\",\"cabos de madeira para panelas em Itaquaquecetuba\",\"cabos de madeira para panelas em Itaquera\",\"cabos de madeira para panelas em Mau\u00e1\",\"cabos de madeira para panelas em Mogi das Cruzes\",\"cabos de madeira para panelas em Osasco\",\"cabos de madeira para panelas em Pinheiros\",\"cabos de madeira para panelas em Pirituba\",\"cabos de madeira para panelas em Praia Grande\",\"cabos de madeira para panelas em promo\u00e7\u00e3o\",\"cabos de madeira para panelas em Ribeir\u00e3o Preto\",\"cabos de madeira para panelas em Santana\",\"cabos de madeira para panelas em Santo Amaro\",\"cabos de madeira para panelas em Santo Andr\u00e9\",\"cabos de madeira para panelas em Santos\",\"cabos de madeira para panelas em S\u00e3o Bernardo\",\"cabos de madeira para panelas em S\u00e3o Caetano\",\"cabos de madeira para panelas em S\u00e3o Jos\u00e9 dos Campos\",\"cabos de madeira para panelas em S\u00e3o Mateus\",\"cabos de madeira para panelas em S\u00e3o Paulo\",\"cabos de madeira para panelas em S\u00e3o Vicente\",\"cabos de madeira para panelas em Sorocaba\",\"cabos de madeira para panelas em sp\",\"cabos de madeira para panelas em Suzano\",\"cabos de madeira para panelas em Tabo\u00e3o da Serra\",\"cabos de madeira para panelas em Vila Mariana\",\"cabos de madeira para panelas na baixada santista\",\"cabos de madeira para panelas na Lapa\",\"cabos de madeira para panelas na Mooca\",\"cabos de madeira para panelas na Penha\",\"cabos de madeira para panelas na Vila Prudente\",\"cabos de madeira para panelas na zona leste\",\"cabos de madeira para panelas na zona norte\",\"cabos de madeira para panelas na zona oeste\",\"cabos de madeira para panelas na zona sul\",\"cabos de madeira para panelas no ABC\",\"cabos de madeira para panelas no centro\",\"cabos de madeira para panelas no Ipiranga\",\"cabos de madeira para panelas no Tatuap\u00e9\",\"cabos de madeira para panelas onde encontrar\",\"cabos de madeira para panelas perto de mim\",\"cabos de madeira para panelas pre\u00e7o\",\"cabos de madeira para panelas pr\u00f3ximo a mim\",\"cabos de madeira para panelas s\u00e3o fabricados sob medida?\",\"cabos de madeira para panelas t\u00eam entrega para todo o Brasil?\",\"cabos de madeira para panelas t\u00eam personaliza\u00e7\u00e3o dispon\u00edvel?\",\"cabos de madeira torneados\",\"cabos de madeira torneados s\u00e3o resistentes ao calor?\",\"cabos para frigideira direto da f\u00e1brica\",\"cabos torneados para panelas\",\"colina cabos de madeira\",\"como encontrar fornecedor de cabos de madeira para panelas?\",\"como escolher um bom fornecedor de cabos de madeira?\",\"como solicitar or\u00e7amento de cabos de madeira para panelas?\",\"comprar cabos de madeira para panelas\",\"distribuidor de cabos de madeira para panelas\",\"distribuidora de cabos de madeira para panelas\",\"empresa de cabos de madeira para panelas\",\"f\u00e1brica de cabos de madeira para panelas\",\"fabricante de cabos de madeira Brasil\",\"fabricante de cabos de madeira para panelas\",\"fornecedor de cabos de madeira para panelas\",\"fornecedor de utens\u00edlios de madeira S\u00e3o Paulo\",\"loja de cabos de madeira para panelas\",\"onde comprar cabos de madeira para panelas em S\u00e3o Paulo?\",\"onde encontrar fornecedor de artefatos de madeira para cozinha?\",\"or\u00e7amento cabo de madeira panela\",\"posso comprar cabos de madeira para panelas em grandes volumes?\",\"qual a diferen\u00e7a entre cabo de madeira para panela e para frigideira?\",\"qual f\u00e1brica fornece cabos de madeira para panelas no Brasil?\",\"qual material \u00e9 melhor para cabo de panela?\",\"qual o melhor cabo de madeira para panela?\",\"revendedor de cabos de madeira para panelas\"],\"articleSection\":[\"Cabo de madeira\"],\"inLanguage\":\"pt-BR\",\"potentialAction\":[{\"@type\":\"CommentAction\",\"name\":\"Comment\",\"target\":[\"https:\/\/colinacabosdemadeira.com.br\/blog\/fabrica-de-cabos-de-madeira-para-panelas-solicite-seu-orcamento\/#respond\"]}]},{\"@type\":\"WebPage\",\"@id\":\"https:\/\/colinacabosdemadeira.com.br\/blog\/fabrica-de-cabos-de-madeira-para-panelas-solicite-seu-orcamento\/\",\"url\":\"https:\/\/colinacabosdemadeira.com.br\/blog\/fabrica-de-cabos-de-madeira-para-panelas-solicite-seu-orcamento\/\",\"name\":\"F\u00e1brica de cabos de madeira para panelas: solicite seu or\u00e7amento - Colina Cabos de Madeira\",\"isPartOf\":{\"@id\":\"https:\/\/colinacabosdemadeira.com.br\/blog\/#website\"},\"primaryImageOfPage\":{\"@id\":\"https:\/\/colinacabosdemadeira.com.br\/blog\/fabrica-de-cabos-de-madeira-para-panelas-solicite-seu-orcamento\/#primaryimage\"},\"image\":{\"@id\":\"https:\/\/colinacabosdemadeira.com.br\/blog\/fabrica-de-cabos-de-madeira-para-panelas-solicite-seu-orcamento\/#primaryimage\"},\"thumbnailUrl\":\"https:\/\/colinacabosdemadeira.com.br\/blog\/wp-content\/uploads\/2026\/04\/cabos-para-panelas-frigideira-e-canecao.jpg\",\"datePublished\":\"2026-04-29T11:27:05+00:00\",\"dateModified\":\"2026-04-29T11:27:07+00:00\",\"description\":\"Compre cabos de madeira para panelas direto da f\u00e1brica. A Colina oferece produtos torneados, resistentes e com entrega para todo o Brasil.\u00a0\",\"breadcrumb\":{\"@id\":\"https:\/\/colinacabosdemadeira.com.br\/blog\/fabrica-de-cabos-de-madeira-para-panelas-solicite-seu-orcamento\/#breadcrumb\"},\"inLanguage\":\"pt-BR\",\"potentialAction\":[{\"@type\":\"ReadAction\",\"target\":[\"https:\/\/colinacabosdemadeira.com.br\/blog\/fabrica-de-cabos-de-madeira-para-panelas-solicite-seu-orcamento\/\"]}]},{\"@type\":\"ImageObject\",\"inLanguage\":\"pt-BR\",\"@id\":\"https:\/\/colinacabosdemadeira.com.br\/blog\/fabrica-de-cabos-de-madeira-para-panelas-solicite-seu-orcamento\/#primaryimage\",\"url\":\"https:\/\/colinacabosdemadeira.com.br\/blog\/wp-content\/uploads\/2026\/04\/cabos-para-panelas-frigideira-e-canecao.jpg\",\"contentUrl\":\"https:\/\/colinacabosdemadeira.com.br\/blog\/wp-content\/uploads\/2026\/04\/cabos-para-panelas-frigideira-e-canecao.jpg\",\"width\":437,\"height\":254,\"caption\":\"F\u00e1brica de cabos de madeira para panelas: solicite seu or\u00e7amento\"},{\"@type\":\"BreadcrumbList\",\"@id\":\"https:\/\/colinacabosdemadeira.com.br\/blog\/fabrica-de-cabos-de-madeira-para-panelas-solicite-seu-orcamento\/#breadcrumb\",\"itemListElement\":[{\"@type\":\"ListItem\",\"position\":1,\"name\":\"In\u00edcio\",\"item\":\"https:\/\/colinacabosdemadeira.com.br\/blog\/\"},{\"@type\":\"ListItem\",\"position\":2,\"name\":\"F\u00e1brica de cabos de madeira para panelas: solicite seu or\u00e7amento\"}]},{\"@type\":\"WebSite\",\"@id\":\"https:\/\/colinacabosdemadeira.com.br\/blog\/#website\",\"url\":\"https:\/\/colinacabosdemadeira.com.br\/blog\/\",\"name\":\"Colina Cabos de Madeira\",\"description\":\"Blog | Colina Cabos de Madeira\",\"publisher\":{\"@id\":\"https:\/\/colinacabosdemadeira.com.br\/blog\/#organization\"},\"potentialAction\":[{\"@type\":\"SearchAction\",\"target\":{\"@type\":\"EntryPoint\",\"urlTemplate\":\"https:\/\/colinacabosdemadeira.com.br\/blog\/?s={search_term_string}\"},\"query-input\":{\"@type\":\"PropertyValueSpecification\",\"valueRequired\":true,\"valueName\":\"search_term_string\"}}],\"inLanguage\":\"pt-BR\"},{\"@type\":\"Organization\",\"@id\":\"https:\/\/colinacabosdemadeira.com.br\/blog\/#organization\",\"name\":\"Colina Cabos de Madeira\",\"url\":\"https:\/\/colinacabosdemadeira.com.br\/blog\/\",\"logo\":{\"@type\":\"ImageObject\",\"inLanguage\":\"pt-BR\",\"@id\":\"https:\/\/colinacabosdemadeira.com.br\/blog\/#\/schema\/logo\/image\/\",\"url\":\"https:\/\/colinacabosdemadeira.com.br\/blog\/wp-content\/uploads\/2024\/05\/logo-colina.webp\",\"contentUrl\":\"https:\/\/colinacabosdemadeira.com.br\/blog\/wp-content\/uploads\/2024\/05\/logo-colina.webp\",\"width\":150,\"height\":87,\"caption\":\"Colina Cabos de Madeira\"},\"image\":{\"@id\":\"https:\/\/colinacabosdemadeira.com.br\/blog\/#\/schema\/logo\/image\/\"}},{\"@type\":\"Person\",\"@id\":\"https:\/\/colinacabosdemadeira.com.br\/blog\/#\/schema\/person\/5e151e0ea8cc67e390dd1718999048ec\",\"name\":\"paula@bloomin.com.br\",\"image\":{\"@type\":\"ImageObject\",\"inLanguage\":\"pt-BR\",\"@id\":\"https:\/\/colinacabosdemadeira.com.br\/blog\/#\/schema\/person\/image\/\",\"url\":\"https:\/\/secure.gravatar.com\/avatar\/9ef9b5e7281a226f512db63573acf4a937b91710cb7b6b89348c19c02370573d?s=96&d=mm&r=g\",\"contentUrl\":\"https:\/\/secure.gravatar.com\/avatar\/9ef9b5e7281a226f512db63573acf4a937b91710cb7b6b89348c19c02370573d?s=96&d=mm&r=g\",\"caption\":\"paula@bloomin.com.br\"},\"sameAs\":[\"https:\/\/colinacabosdemadeira.com.br\/blog\"],\"url\":\"https:\/\/colinacabosdemadeira.com.br\/blog\/author\/paulabloomin-com-br\/\"}]}<\/script>\n<!-- \/ Yoast SEO plugin. -->","yoast_head_json":{"title":"F\u00e1brica de cabos de madeira para panelas: solicite seu or\u00e7amento - Colina Cabos de Madeira","description":"Compre cabos de madeira para panelas direto da f\u00e1brica. A Colina oferece produtos torneados, resistentes e com entrega para todo o Brasil.\u00a0","robots":{"index":"index","follow":"follow","max-snippet":"max-snippet:-1","max-image-preview":"max-image-preview:large","max-video-preview":"max-video-preview:-1"},"canonical":"https:\/\/colinacabosdemadeira.com.br\/blog\/fabrica-de-cabos-de-madeira-para-panelas-solicite-seu-orcamento\/","og_locale":"pt_BR","og_type":"article","og_title":"F\u00e1brica de cabos de madeira para panelas: solicite seu or\u00e7amento - Colina Cabos de Madeira","og_description":"Compre cabos de madeira para panelas direto da f\u00e1brica. A Colina oferece produtos torneados, resistentes e com entrega para todo o Brasil.\u00a0","og_url":"https:\/\/colinacabosdemadeira.com.br\/blog\/fabrica-de-cabos-de-madeira-para-panelas-solicite-seu-orcamento\/","og_site_name":"Colina Cabos de Madeira","article_published_time":"2026-04-29T11:27:05+00:00","article_modified_time":"2026-04-29T11:27:07+00:00","og_image":[{"width":437,"height":254,"url":"https:\/\/colinacabosdemadeira.com.br\/blog\/wp-content\/uploads\/2026\/04\/cabos-para-panelas-frigideira-e-canecao.jpg","type":"image\/jpeg"}],"author":"paula@bloomin.com.br","twitter_card":"summary_large_image","twitter_misc":{"Escrito por":"paula@bloomin.com.br","Est. tempo de leitura":"5 minutos"},"schema":{"@context":"https:\/\/schema.org","@graph":[{"@type":"Article","@id":"https:\/\/colinacabosdemadeira.com.br\/blog\/fabrica-de-cabos-de-madeira-para-panelas-solicite-seu-orcamento\/#article","isPartOf":{"@id":"https:\/\/colinacabosdemadeira.com.br\/blog\/fabrica-de-cabos-de-madeira-para-panelas-solicite-seu-orcamento\/"},"author":{"name":"paula@bloomin.com.br","@id":"https:\/\/colinacabosdemadeira.com.br\/blog\/#\/schema\/person\/5e151e0ea8cc67e390dd1718999048ec"},"headline":"F\u00e1brica de cabos de madeira para panelas: solicite seu or\u00e7amento","datePublished":"2026-04-29T11:27:05+00:00","dateModified":"2026-04-29T11:27:07+00:00","mainEntityOfPage":{"@id":"https:\/\/colinacabosdemadeira.com.br\/blog\/fabrica-de-cabos-de-madeira-para-panelas-solicite-seu-orcamento\/"},"wordCount":896,"commentCount":0,"publisher":{"@id":"https:\/\/colinacabosdemadeira.com.br\/blog\/#organization"},"image":{"@id":"https:\/\/colinacabosdemadeira.com.br\/blog\/fabrica-de-cabos-de-madeira-para-panelas-solicite-seu-orcamento\/#primaryimage"},"thumbnailUrl":"https:\/\/colinacabosdemadeira.com.br\/blog\/wp-content\/uploads\/2026\/04\/cabos-para-panelas-frigideira-e-canecao.jpg","keywords":["a Colina Cabos de Madeira atende S\u00e3o Paulo?","artefatos de madeira para cozinha","cabo de madeira para canec\u00e3o","cabo de madeira para frigideira profissional","cabo de madeira para panela atacado","cabo de madeira para utens\u00edlios de cozinha","cabo de madeira personalizado para panela","cabo de madeira resistente para panela","cabo de madeira torneado sob medida","cabos de madeira para ind\u00fastria de panelas","cabos de madeira para panelas comprar","cabos de madeira para panelas direto da fabrica","cabos de madeira para panelas em Barueri","cabos de madeira para panelas em Campinas","cabos de madeira para panelas em Carapicu\u00edba","cabos de madeira para panelas em Cotia","cabos de madeira para panelas em Diadema","cabos de madeira para panelas em Embu das Artes","cabos de madeira para panelas em Ferraz de Vasconcelos","cabos de madeira para panelas em Guarulhos","cabos de madeira para panelas em Itaquaquecetuba","cabos de madeira para panelas em Itaquera","cabos de madeira para panelas em Mau\u00e1","cabos de madeira para panelas em Mogi das Cruzes","cabos de madeira para panelas em Osasco","cabos de madeira para panelas em Pinheiros","cabos de madeira para panelas em Pirituba","cabos de madeira para panelas em Praia Grande","cabos de madeira para panelas em promo\u00e7\u00e3o","cabos de madeira para panelas em Ribeir\u00e3o Preto","cabos de madeira para panelas em Santana","cabos de madeira para panelas em Santo Amaro","cabos de madeira para panelas em Santo Andr\u00e9","cabos de madeira para panelas em Santos","cabos de madeira para panelas em S\u00e3o Bernardo","cabos de madeira para panelas em S\u00e3o Caetano","cabos de madeira para panelas em S\u00e3o Jos\u00e9 dos Campos","cabos de madeira para panelas em S\u00e3o Mateus","cabos de madeira para panelas em S\u00e3o Paulo","cabos de madeira para panelas em S\u00e3o Vicente","cabos de madeira para panelas em Sorocaba","cabos de madeira para panelas em sp","cabos de madeira para panelas em Suzano","cabos de madeira para panelas em Tabo\u00e3o da Serra","cabos de madeira para panelas em Vila Mariana","cabos de madeira para panelas na baixada santista","cabos de madeira para panelas na Lapa","cabos de madeira para panelas na Mooca","cabos de madeira para panelas na Penha","cabos de madeira para panelas na Vila Prudente","cabos de madeira para panelas na zona leste","cabos de madeira para panelas na zona norte","cabos de madeira para panelas na zona oeste","cabos de madeira para panelas na zona sul","cabos de madeira para panelas no ABC","cabos de madeira para panelas no centro","cabos de madeira para panelas no Ipiranga","cabos de madeira para panelas no Tatuap\u00e9","cabos de madeira para panelas onde encontrar","cabos de madeira para panelas perto de mim","cabos de madeira para panelas pre\u00e7o","cabos de madeira para panelas pr\u00f3ximo a mim","cabos de madeira para panelas s\u00e3o fabricados sob medida?","cabos de madeira para panelas t\u00eam entrega para todo o Brasil?","cabos de madeira para panelas t\u00eam personaliza\u00e7\u00e3o dispon\u00edvel?","cabos de madeira torneados","cabos de madeira torneados s\u00e3o resistentes ao calor?","cabos para frigideira direto da f\u00e1brica","cabos torneados para panelas","colina cabos de madeira","como encontrar fornecedor de cabos de madeira para panelas?","como escolher um bom fornecedor de cabos de madeira?","como solicitar or\u00e7amento de cabos de madeira para panelas?","comprar cabos de madeira para panelas","distribuidor de cabos de madeira para panelas","distribuidora de cabos de madeira para panelas","empresa de cabos de madeira para panelas","f\u00e1brica de cabos de madeira para panelas","fabricante de cabos de madeira Brasil","fabricante de cabos de madeira para panelas","fornecedor de cabos de madeira para panelas","fornecedor de utens\u00edlios de madeira S\u00e3o Paulo","loja de cabos de madeira para panelas","onde comprar cabos de madeira para panelas em S\u00e3o Paulo?","onde encontrar fornecedor de artefatos de madeira para cozinha?","or\u00e7amento cabo de madeira panela","posso comprar cabos de madeira para panelas em grandes volumes?","qual a diferen\u00e7a entre cabo de madeira para panela e para frigideira?","qual f\u00e1brica fornece cabos de madeira para panelas no Brasil?","qual material \u00e9 melhor para cabo de panela?","qual o melhor cabo de madeira para panela?","revendedor de cabos de madeira para panelas"],"articleSection":["Cabo de madeira"],"inLanguage":"pt-BR","potentialAction":[{"@type":"CommentAction","name":"Comment","target":["https:\/\/colinacabosdemadeira.com.br\/blog\/fabrica-de-cabos-de-madeira-para-panelas-solicite-seu-orcamento\/#respond"]}]},{"@type":"WebPage","@id":"https:\/\/colinacabosdemadeira.com.br\/blog\/fabrica-de-cabos-de-madeira-para-panelas-solicite-seu-orcamento\/","url":"https:\/\/colinacabosdemadeira.com.br\/blog\/fabrica-de-cabos-de-madeira-para-panelas-solicite-seu-orcamento\/","name":"F\u00e1brica de cabos de madeira para panelas: solicite seu or\u00e7amento - Colina Cabos de Madeira","isPartOf":{"@id":"https:\/\/colinacabosdemadeira.com.br\/blog\/#website"},"primaryImageOfPage":{"@id":"https:\/\/colinacabosdemadeira.com.br\/blog\/fabrica-de-cabos-de-madeira-para-panelas-solicite-seu-orcamento\/#primaryimage"},"image":{"@id":"https:\/\/colinacabosdemadeira.com.br\/blog\/fabrica-de-cabos-de-madeira-para-panelas-solicite-seu-orcamento\/#primaryimage"},"thumbnailUrl":"https:\/\/colinacabosdemadeira.com.br\/blog\/wp-content\/uploads\/2026\/04\/cabos-para-panelas-frigideira-e-canecao.jpg","datePublished":"2026-04-29T11:27:05+00:00","dateModified":"2026-04-29T11:27:07+00:00","description":"Compre cabos de madeira para panelas direto da f\u00e1brica. A Colina oferece produtos torneados, resistentes e com entrega para todo o Brasil.\u00a0","breadcrumb":{"@id":"https:\/\/colinacabosdemadeira.com.br\/blog\/fabrica-de-cabos-de-madeira-para-panelas-solicite-seu-orcamento\/#breadcrumb"},"inLanguage":"pt-BR","potentialAction":[{"@type":"ReadAction","target":["https:\/\/colinacabosdemadeira.com.br\/blog\/fabrica-de-cabos-de-madeira-para-panelas-solicite-seu-orcamento\/"]}]},{"@type":"ImageObject","inLanguage":"pt-BR","@id":"https:\/\/colinacabosdemadeira.com.br\/blog\/fabrica-de-cabos-de-madeira-para-panelas-solicite-seu-orcamento\/#primaryimage","url":"https:\/\/colinacabosdemadeira.com.br\/blog\/wp-content\/uploads\/2026\/04\/cabos-para-panelas-frigideira-e-canecao.jpg","contentUrl":"https:\/\/colinacabosdemadeira.com.br\/blog\/wp-content\/uploads\/2026\/04\/cabos-para-panelas-frigideira-e-canecao.jpg","width":437,"height":254,"caption":"F\u00e1brica de cabos de madeira para panelas: solicite seu or\u00e7amento"},{"@type":"BreadcrumbList","@id":"https:\/\/colinacabosdemadeira.com.br\/blog\/fabrica-de-cabos-de-madeira-para-panelas-solicite-seu-orcamento\/#breadcrumb","itemListElement":[{"@type":"ListItem","position":1,"name":"In\u00edcio","item":"https:\/\/colinacabosdemadeira.com.br\/blog\/"},{"@type":"ListItem","position":2,"name":"F\u00e1brica de cabos de madeira para panelas: solicite seu or\u00e7amento"}]},{"@type":"WebSite","@id":"https:\/\/colinacabosdemadeira.com.br\/blog\/#website","url":"https:\/\/colinacabosdemadeira.com.br\/blog\/","name":"Colina Cabos de Madeira","description":"Blog | Colina Cabos de Madeira","publisher":{"@id":"https:\/\/colinacabosdemadeira.com.br\/blog\/#organization"},"potentialAction":[{"@type":"SearchAction","target":{"@type":"EntryPoint","urlTemplate":"https:\/\/colinacabosdemadeira.com.br\/blog\/?s={search_term_string}"},"query-input":{"@type":"PropertyValueSpecification","valueRequired":true,"valueName":"search_term_string"}}],"inLanguage":"pt-BR"},{"@type":"Organization","@id":"https:\/\/colinacabosdemadeira.com.br\/blog\/#organization","name":"Colina Cabos de Madeira","url":"https:\/\/colinacabosdemadeira.com.br\/blog\/","logo":{"@type":"ImageObject","inLanguage":"pt-BR","@id":"https:\/\/colinacabosdemadeira.com.br\/blog\/#\/schema\/logo\/image\/","url":"https:\/\/colinacabosdemadeira.com.br\/blog\/wp-content\/uploads\/2024\/05\/logo-colina.webp","contentUrl":"https:\/\/colinacabosdemadeira.com.br\/blog\/wp-content\/uploads\/2024\/05\/logo-colina.webp","width":150,"height":87,"caption":"Colina Cabos de Madeira"},"image":{"@id":"https:\/\/colinacabosdemadeira.com.br\/blog\/#\/schema\/logo\/image\/"}},{"@type":"Person","@id":"https:\/\/colinacabosdemadeira.com.br\/blog\/#\/schema\/person\/5e151e0ea8cc67e390dd1718999048ec","name":"paula@bloomin.com.br","image":{"@type":"ImageObject","inLanguage":"pt-BR","@id":"https:\/\/colinacabosdemadeira.com.br\/blog\/#\/schema\/person\/image\/","url":"https:\/\/secure.gravatar.com\/avatar\/9ef9b5e7281a226f512db63573acf4a937b91710cb7b6b89348c19c02370573d?s=96&d=mm&r=g","contentUrl":"https:\/\/secure.gravatar.com\/avatar\/9ef9b5e7281a226f512db63573acf4a937b91710cb7b6b89348c19c02370573d?s=96&d=mm&r=g","caption":"paula@bloomin.com.br"},"sameAs":["https:\/\/colinacabosdemadeira.com.br\/blog"],"url":"https:\/\/colinacabosdemadeira.com.br\/blog\/author\/paulabloomin-com-br\/"}]}},"_links":{"self":[{"href":"https:\/\/colinacabosdemadeira.com.br\/blog\/wp-json\/wp\/v2\/posts\/237","targetHints":{"allow":["GET"]}}],"collection":[{"href":"https:\/\/colinacabosdemadeira.com.br\/blog\/wp-json\/wp\/v2\/posts"}],"about":[{"href":"https:\/\/colinacabosdemadeira.com.br\/blog\/wp-json\/wp\/v2\/types\/post"}],"author":[{"embeddable":true,"href":"https:\/\/colinacabosdemadeira.com.br\/blog\/wp-json\/wp\/v2\/users\/1"}],"replies":[{"embeddable":true,"href":"https:\/\/colinacabosdemadeira.com.br\/blog\/wp-json\/wp\/v2\/comments?post=237"}],"version-history":[{"count":1,"href":"https:\/\/colinacabosdemadeira.com.br\/blog\/wp-json\/wp\/v2\/posts\/237\/revisions"}],"predecessor-version":[{"id":239,"href":"https:\/\/colinacabosdemadeira.com.br\/blog\/wp-json\/wp\/v2\/posts\/237\/revisions\/239"}],"wp:featuredmedia":[{"embeddable":true,"href":"https:\/\/colinacabosdemadeira.com.br\/blog\/wp-json\/wp\/v2\/media\/238"}],"wp:attachment":[{"href":"https:\/\/colinacabosdemadeira.com.br\/blog\/wp-json\/wp\/v2\/media?parent=237"}],"wp:term":[{"taxonomy":"category","embeddable":true,"href":"https:\/\/colinacabosdemadeira.com.br\/blog\/wp-json\/wp\/v2\/categories?post=237"},{"taxonomy":"post_tag","embeddable":true,"href":"https:\/\/colinacabosdemadeira.com.br\/blog\/wp-json\/wp\/v2\/tags?post=237"}],"curies":[{"name":"wp","href":"https:\/\/api.w.org\/{rel}","templated":true}]}}