{"id":235,"date":"2026-04-28T16:18:28","date_gmt":"2026-04-28T19:18:28","guid":{"rendered":"https:\/\/colinacabosdemadeira.com.br\/blog\/?p=235"},"modified":"2026-04-28T16:18:29","modified_gmt":"2026-04-28T19:18:29","slug":"fabrica-de-cabos-de-madeira-em-sao-paulo-para-producao-de-lotes-industriais","status":"publish","type":"post","link":"https:\/\/colinacabosdemadeira.com.br\/blog\/fabrica-de-cabos-de-madeira-em-sao-paulo-para-producao-de-lotes-industriais\/","title":{"rendered":"F\u00e1brica de cabos de madeira em S\u00e3o Paulo para produ\u00e7\u00e3o de lotes industriais\u00a0"},"content":{"rendered":"<span class=\"span-reading-time rt-reading-time\" style=\"display: block;\"><span class=\"rt-label rt-prefix\">Tempo de leitura: <\/span> <span class=\"rt-time\"> 4<\/span> <span class=\"rt-label rt-postfix\">minutos<\/span><\/span>\n<p class=\"has-medium-font-size\"><strong><em>F\u00e1brica de cabos de madeira em S\u00e3o Paulo com quase 3 d\u00e9cadas de experi\u00eancia, produ\u00e7\u00e3o em lotes industriais e madeira de reflorestamento.<\/em><\/strong><\/p>\n\n\n\n<p><strong>Quando volume e precis\u00e3o s\u00e3o inegoci\u00e1veis na cadeia produtiva.<\/strong><\/p>\n\n\n\n<p>Quem trabalha com produ\u00e7\u00e3o em escala sabe que um componente aparentemente simples pode travar toda uma linha de montagem se chegar fora de especifica\u00e7\u00e3o. O cabo de madeira \u00e9 exatamente esse tipo de pe\u00e7a. Pequeno no tamanho, grande na responsabilidade.<\/p>\n\n\n\n<p>Para ind\u00fastrias de ferramentas manuais, equipamentos de limpeza e utilidades, encontrar uma <strong>f\u00e1brica de cabos de madeira<\/strong> que entregue consist\u00eancia t\u00e9cnica lote ap\u00f3s lote \u2014 e ainda opere dentro dos prazos da cadeia de suprimentos \u2014 \u00e9 uma equa\u00e7\u00e3o dif\u00edcil de resolver. Mas n\u00e3o imposs\u00edvel.<\/p>\n\n\n\n<p>A Colina Cabos de Madeira \u00e9 refer\u00eancia nesse segmento h\u00e1 quase tr\u00eas d\u00e9cadas. Com infraestrutura industrial pr\u00f3pria e maquin\u00e1rio de alta qualidade, a empresa atende fornecedores e fabricantes que exigem componentes de madeira com especifica\u00e7\u00f5es rigorosas e entregas confi\u00e1veis.<\/p>\n\n\n\n<ul class=\"wp-block-list\">\n<li><a href=\"https:\/\/colinacabosdemadeira.com.br\/blog\/o-que-e-maravalha-de-pinus-e-para-que-ela-serve\/\">O que \u00e9 maravalha de pinus e para que ela serve<\/a><\/li>\n<\/ul>\n\n\n\n<h2 class=\"wp-block-heading\"><strong>O que define uma f\u00e1brica de cabos de madeira com capacidade industrial<\/strong><\/h2>\n\n\n\n<p>Produzir cabos de madeira para uso pessoal \u00e9 uma coisa. Produzir para alimentar linhas industriais \u00e9 outra completamente diferente.<\/p>\n\n\n\n<p>Uma opera\u00e7\u00e3o com real capacidade industrial precisa reunir ao mesmo tempo dom\u00ednio do processo de torneamento, controle dimensional rigoroso e capacidade de escalar volume sem perder qualidade. Isso exige investimento em maquin\u00e1rio, em equipe t\u00e9cnica e em processos bem definidos.<\/p>\n\n\n\n<p>A Colina construiu exatamente esse tipo de estrutura ao longo dos anos. Com maquin\u00e1rios pr\u00f3prios e uma equipe com experi\u00eancia consolidada no segmento, a empresa consegue atender demandas repetitivas com o padr\u00e3o que a ind\u00fastria exige.<\/p>\n\n\n\n<h3 class=\"wp-block-heading\"><strong>O torneamento como diferencial t\u00e9cnico<\/strong><\/h3>\n\n\n\n<p>O torneamento de madeira \u00e9 um processo que exige calibra\u00e7\u00e3o constante. Varia\u00e7\u00f5es na mat\u00e9ria-prima, na umidade da madeira e nos par\u00e2metros das m\u00e1quinas podem comprometer dimens\u00f5es cr\u00edticas como di\u00e2metro, comprimento e acabamento superficial.<\/p>\n\n\n\n<p>Na Colina, <strong>todas as etapas da fabrica\u00e7\u00e3o passam por an\u00e1lise de qualidade<\/strong>. Esse controle \u00e9 o que garante que um cabo de madeira para esp\u00e1tula, para colher de pedreiro ou para desempenadeira chegue ao cliente com as mesmas especifica\u00e7\u00f5es do primeiro ao \u00faltimo lote.<\/p>\n\n\n\n<ul class=\"wp-block-list\">\n<li><a href=\"https:\/\/colinacabosdemadeira.com.br\/blog\/como-escolher-madeira-boa-para-cabo-de-ferramentas-no-uso-profissional\/\">Como escolher madeira boa para cabo de ferramentas no uso profissional<\/a><\/li>\n<\/ul>\n\n\n\n<h2 class=\"wp-block-heading\"><strong>A linha de produtos da f\u00e1brica de cabos de madeira para o setor industrial<\/strong><\/h2>\n\n\n\n<p>A Colina mant\u00e9m um portf\u00f3lio amplo, pensado para cobrir as principais demandas do mercado B2B. Os produtos s\u00e3o organizados em categorias bem definidas:<\/p>\n\n\n\n<p><strong>Cabos torneados para ferramentas:<\/strong><\/p>\n\n\n\n<ul class=\"wp-block-list\">\n<li>Cabos para esp\u00e1tulas<\/li>\n\n\n\n<li>Cabos para colher de pedreiro<\/li>\n\n\n\n<li>Cabos para desempenadeira<\/li>\n\n\n\n<li>Cabos para lima<\/li>\n\n\n\n<li>Cabos para riscador de f\u00f3rmica<\/li>\n<\/ul>\n\n\n\n<p><strong>Cabos para equipamentos de limpeza e utilidades:<\/strong><\/p>\n\n\n\n<ul class=\"wp-block-list\">\n<li>Cabos para lavatina<\/li>\n\n\n\n<li>Cabos para boliador<\/li>\n\n\n\n<li>Cabos para escova de cabelo<\/li>\n\n\n\n<li>Cabos para escova pet<\/li>\n<\/ul>\n\n\n\n<p>A empresa atende segmentos como comunica\u00e7\u00e3o visual \u2014 com bast\u00f5es e madeira para faixas e banners \u2014 e grelhas e espetos para o setor de alimentos.<\/p>\n\n\n\n<p>Essa diversidade de produtos a partir de uma \u00fanica plataforma produtiva facilita a homologa\u00e7\u00e3o de fornecedores e simplifica a gest\u00e3o de compras para ind\u00fastrias com m\u00faltiplas necessidades.<\/p>\n\n\n\n<h2 class=\"wp-block-heading\"><strong>Sustentabilidade como crit\u00e9rio t\u00e9cnico e comercial<\/strong><\/h2>\n\n\n\n<p>A origem da madeira utilizada na produ\u00e7\u00e3o de cabos torneados \u00e9 um ponto cada vez mais relevante para empresas que precisam atender crit\u00e9rios ESG na cadeia de fornecimento.<\/p>\n\n\n\n<p>A Colina trabalha com <strong>madeira de reflorestamento<\/strong>, o que garante rastreabilidade da mat\u00e9ria-prima e reduz o impacto ambiental do processo produtivo. Para ind\u00fastrias que precisam reportar indicadores de sustentabilidade aos seus clientes ou investidores, isso deixou de ser um diferencial e passou a ser um requisito.<\/p>\n\n\n\n<p>Os res\u00edduos do processo produtivo tamb\u00e9m s\u00e3o aproveitados. A empresa comercializa maravalha de pinus e serragem de pinus \u2014 subprodutos do torneamento que encontram aplica\u00e7\u00e3o em granjas, canis, laborat\u00f3rios e outros segmentos. Isso demonstra uma gest\u00e3o de res\u00edduos respons\u00e1vel e alinhada com pr\u00e1ticas de economia circular.<\/p>\n\n\n\n<h2 class=\"wp-block-heading\"><strong>Por que ind\u00fastrias paulistas escolhem a Colina como fornecedor homologado<\/strong><\/h2>\n\n\n\n<p>Localizada em S\u00e3o Paulo, a Colina tem posi\u00e7\u00e3o log\u00edstica estrat\u00e9gica para atender fabricantes e distribuidores do maior polo industrial do pa\u00eds. A proximidade reduz prazo de entrega, frete e riscos na cadeia de suprimentos.<\/p>\n\n\n\n<p>Mas a localiza\u00e7\u00e3o \u00e9 apenas um dos fatores. O que mant\u00e9m clientes por anos \u2014 e que fica evidente na trajet\u00f3ria de quase tr\u00eas d\u00e9cadas da empresa \u2014 \u00e9 a combina\u00e7\u00e3o entre <strong>consist\u00eancia t\u00e9cnica, portf\u00f3lio abrangente e atendimento estruturado para o mercado B2B<\/strong>.<\/p>\n\n\n\n<p>Para uma ind\u00fastria que monta ferramentas manuais em s\u00e9rie, trocar de fornecedor de cabos \u00e9 uma decis\u00e3o que envolve requalifica\u00e7\u00e3o, ajuste de linha e risco de varia\u00e7\u00e3o nos produtos finais. Ter um parceiro que entrega dentro do padr\u00e3o definido, lote ap\u00f3s lote, tem valor direto no custo operacional.<\/p>\n\n\n\n<h3 class=\"wp-block-heading\"><strong>Projetos especiais e personaliza\u00e7\u00e3o para demandas t\u00e9cnicas<\/strong><\/h3>\n\n\n\n<p>A Colina tamb\u00e9m atende projetos especiais. Isso significa que ind\u00fastrias com especifica\u00e7\u00f5es fora do padr\u00e3o de cat\u00e1logo \u2014 seja em dimens\u00e3o, perfil ou acabamento \u2014 podem tratar com a empresa o desenvolvimento de uma solu\u00e7\u00e3o espec\u00edfica.<\/p>\n\n\n\n<p>Essa capacidade de personaliza\u00e7\u00e3o \u00e9 relevante para fabricantes que trabalham com ferramentas exclusivas ou com designs propriet\u00e1rios e precisam de componentes que reflitam esse padr\u00e3o.<\/p>\n\n\n\n<h2 class=\"wp-block-heading\"><strong>F\u00e1brica de cabos de madeira perto de voc\u00ea \u2014 e pronta para o seu volume<\/strong><\/h2>\n\n\n\n<p>Quase trinta anos de produ\u00e7\u00e3o n\u00e3o s\u00e3o acumulados por acaso. A Colina Cabos de Madeira consolidou sua posi\u00e7\u00e3o no mercado porque entende que cada cabo entregue faz parte de uma ferramenta que chegar\u00e1 \u00e0s m\u00e3os de um profissional.<\/p>\n\n\n\n<p><strong>Qualidade t\u00e9cnica, produ\u00e7\u00e3o sustent\u00e1vel e capacidade de atendimento industrial<\/strong> formam a base do que a Colina oferece. Para ind\u00fastrias que precisam de um fornecedor de cabos de madeira em S\u00e3o Paulo com estrutura, tradi\u00e7\u00e3o e comprometimento com especifica\u00e7\u00f5es, a escolha j\u00e1 est\u00e1 clara.<\/p>\n\n\n\n<p>Se voc\u00ea representa uma ind\u00fastria ou distribuidora em busca de um parceiro para fornecimento regular de cabos torneados,<a href=\"https:\/\/colinacabosdemadeira.com.br\/contato\"> entre em contato com a equipe da Colina<\/a> e descubra como estruturar o fornecimento ideal para a sua opera\u00e7\u00e3o.<\/p>\n","protected":false},"excerpt":{"rendered":"<p><span class=\"span-reading-time rt-reading-time\" style=\"display: block;\"><span class=\"rt-label rt-prefix\">Tempo de leitura: <\/span> <span class=\"rt-time\"> 4<\/span> <span class=\"rt-label rt-postfix\">minutos<\/span><\/span>F\u00e1brica de cabos de madeira em S\u00e3o Paulo com quase 3 d\u00e9cadas de experi\u00eancia, produ\u00e7\u00e3o em lotes industriais e madeira de reflorestamento. Quando volume e precis\u00e3o s\u00e3o inegoci\u00e1veis na cadeia produtiva. Quem trabalha com produ\u00e7\u00e3o em escala sabe que um componente aparentemente simples pode travar toda uma linha de montagem se chegar fora de especifica\u00e7\u00e3o. &hellip; <\/p>\n","protected":false},"author":1,"featured_media":90,"comment_status":"open","ping_status":"open","sticky":false,"template":"","format":"standard","meta":{"footnotes":""},"categories":[3],"tags":[3881,3882,3880,3891,3910,3902,3914,3928,3925,3883,3920,3929,3926,3930,3927,3922,3912,3913,3931,3918,3917,3921,3919,3924,3923,3885,1375,3889,3899,3492,3905,3915,3888,3911,3916,3879,3893,3900,3906,3892,3890,1392,3897,1425,3907,3904,3884,1379,3674,3886,3909,3903,3895,3901,3887,3898,3896,3908,3894],"class_list":["post-235","post","type-post","status-publish","format-standard","has-post-thumbnail","hentry","category-cabo-de-madeira","tag-cabo-de-madeira-para-colher-de-pedreiro","tag-cabo-de-madeira-para-desempenadeira","tag-cabo-de-madeira-para-espatula-industrial","tag-cabos-de-madeira-com-qualidade-industrial","tag-cabos-de-madeira-comprar","tag-cabos-de-madeira-de-reflorestamento-atendem-criterios-esg","tag-cabos-de-madeira-direto-da-fabrica","tag-cabos-de-madeira-em-diadema","tag-cabos-de-madeira-em-guarulhos","tag-cabos-de-madeira-em-lote","tag-cabos-de-madeira-em-maria-amelia-de-assuncao","tag-cabos-de-madeira-em-osasco","tag-cabos-de-madeira-em-santo-andre","tag-cabos-de-madeira-em-sao-bernardo","tag-cabos-de-madeira-em-sao-caetano","tag-cabos-de-madeira-em-sao-jose-operario","tag-cabos-de-madeira-em-sao-paulo","tag-cabos-de-madeira-em-sp","tag-cabos-de-madeira-na-baixada-santista","tag-cabos-de-madeira-na-vila-santa-teresinha","tag-cabos-de-madeira-na-zona-leste","tag-cabos-de-madeira-na-zona-oeste","tag-cabos-de-madeira-na-zona-sul","tag-cabos-de-madeira-no-abc","tag-cabos-de-madeira-no-centro","tag-cabos-de-madeira-para-equipamentos-de-limpeza","tag-cabos-de-madeira-para-ferramentas","tag-cabos-de-madeira-para-ferramentas-manuais","tag-cabos-de-madeira-para-ferramentas-manuais-tem-especificacao-tecnica","tag-cabos-de-madeira-para-lavatina","tag-cabos-de-madeira-para-lavatina-tem-dimensao-padrao","tag-cabos-de-madeira-perto-de-mim","tag-cabos-de-madeira-pinus-reflorestamento","tag-cabos-de-madeira-preco","tag-cabos-de-madeira-proximo-a-mim","tag-cabos-de-madeira-torneados-industrial","tag-como-escolher-fornecedor-de-cabos-de-madeira-para-industria","tag-como-funciona-o-processo-de-torneamento-de-cabos-de-madeira","tag-como-homologar-fornecedor-de-cabos-de-madeira-para-producao-industrial","tag-comprar-cabos-de-madeira-em-grande-quantidade","tag-empresa-de-cabos-de-madeira-sao-paulo","tag-fabrica-de-cabos-de-madeira","tag-fabrica-de-cabos-de-madeira-atende-pessoa-juridica","tag-fabrica-de-cabos-de-madeira-em-sao-paulo","tag-fabrica-de-cabos-de-madeira-em-sao-paulo-entrega-para-todo-o-brasil","tag-fabrica-de-cabos-de-madeira-faz-projetos-especiais","tag-fabrica-de-cabos-torneados-sp","tag-fornecedor-de-cabos-de-madeira","tag-fornecedor-de-cabos-de-madeira-para-industria","tag-fornecedor-homologado-cabos-de-madeira","tag-loja-de-cabos-de-madeira","tag-o-que-e-maravalha-de-pinus-e-para-que-serve-2","tag-onde-comprar-cabos-de-madeira-torneados-em-lote-em-sao-paulo","tag-onde-encontrar-fornecedor-homologado-de-cabos-de-madeira-em-sp","tag-producao-de-cabos-torneados-em-madeira","tag-qual-a-diferenca-entre-cabo-de-madeira-torneado-e-serrado","tag-qual-madeira-e-usada-para-fabricar-cabos-de-ferramentas","tag-qual-o-prazo-de-entrega-de-lotes-industriais-de-cabos-de-madeira","tag-torneados-de-madeira-para-industria"],"yoast_head":"<!-- This site is optimized with the Yoast SEO plugin v27.0 - https:\/\/yoast.com\/product\/yoast-seo-wordpress\/ -->\n<title>F\u00e1brica de cabos de madeira em S\u00e3o Paulo para produ\u00e7\u00e3o de lotes industriais\u00a0<\/title>\n<meta name=\"description\" content=\"F\u00e1brica de cabos de madeira em S\u00e3o Paulo com quase 3 d\u00e9cadas de experi\u00eancia, produ\u00e7\u00e3o em lotes industriais e madeira de reflorestamento.\" \/>\n<meta name=\"robots\" content=\"index, follow, max-snippet:-1, max-image-preview:large, max-video-preview:-1\" \/>\n<link rel=\"canonical\" href=\"https:\/\/colinacabosdemadeira.com.br\/blog\/fabrica-de-cabos-de-madeira-em-sao-paulo-para-producao-de-lotes-industriais\/\" \/>\n<meta property=\"og:locale\" content=\"pt_BR\" \/>\n<meta property=\"og:type\" content=\"article\" \/>\n<meta property=\"og:title\" content=\"F\u00e1brica de cabos de madeira em S\u00e3o Paulo para produ\u00e7\u00e3o de lotes industriais\u00a0\" \/>\n<meta property=\"og:description\" content=\"F\u00e1brica de cabos de madeira em S\u00e3o Paulo com quase 3 d\u00e9cadas de experi\u00eancia, produ\u00e7\u00e3o em lotes industriais e madeira de reflorestamento.\" \/>\n<meta property=\"og:url\" content=\"https:\/\/colinacabosdemadeira.com.br\/blog\/fabrica-de-cabos-de-madeira-em-sao-paulo-para-producao-de-lotes-industriais\/\" \/>\n<meta property=\"og:site_name\" content=\"Colina Cabos de Madeira\" \/>\n<meta property=\"article:published_time\" content=\"2026-04-28T19:18:28+00:00\" \/>\n<meta property=\"article:modified_time\" content=\"2026-04-28T19:18:29+00:00\" \/>\n<meta property=\"og:image\" content=\"https:\/\/colinacabosdemadeira.com.br\/blog\/wp-content\/uploads\/2024\/12\/cabos-de-madeira-serrados.webp\" \/>\n\t<meta property=\"og:image:width\" content=\"437\" \/>\n\t<meta property=\"og:image:height\" content=\"254\" \/>\n\t<meta property=\"og:image:type\" content=\"image\/webp\" \/>\n<meta name=\"author\" content=\"paula@bloomin.com.br\" \/>\n<meta name=\"twitter:card\" content=\"summary_large_image\" \/>\n<meta name=\"twitter:label1\" content=\"Escrito por\" \/>\n\t<meta name=\"twitter:data1\" content=\"paula@bloomin.com.br\" \/>\n\t<meta name=\"twitter:label2\" content=\"Est. tempo de leitura\" \/>\n\t<meta name=\"twitter:data2\" content=\"6 minutos\" \/>\n<script type=\"application\/ld+json\" class=\"yoast-schema-graph\">{\"@context\":\"https:\/\/schema.org\",\"@graph\":[{\"@type\":\"Article\",\"@id\":\"https:\/\/colinacabosdemadeira.com.br\/blog\/fabrica-de-cabos-de-madeira-em-sao-paulo-para-producao-de-lotes-industriais\/#article\",\"isPartOf\":{\"@id\":\"https:\/\/colinacabosdemadeira.com.br\/blog\/fabrica-de-cabos-de-madeira-em-sao-paulo-para-producao-de-lotes-industriais\/\"},\"author\":{\"name\":\"paula@bloomin.com.br\",\"@id\":\"https:\/\/colinacabosdemadeira.com.br\/blog\/#\/schema\/person\/5e151e0ea8cc67e390dd1718999048ec\"},\"headline\":\"F\u00e1brica de cabos de madeira em S\u00e3o Paulo para produ\u00e7\u00e3o de lotes industriais\u00a0\",\"datePublished\":\"2026-04-28T19:18:28+00:00\",\"dateModified\":\"2026-04-28T19:18:29+00:00\",\"mainEntityOfPage\":{\"@id\":\"https:\/\/colinacabosdemadeira.com.br\/blog\/fabrica-de-cabos-de-madeira-em-sao-paulo-para-producao-de-lotes-industriais\/\"},\"wordCount\":1084,\"commentCount\":0,\"publisher\":{\"@id\":\"https:\/\/colinacabosdemadeira.com.br\/blog\/#organization\"},\"image\":{\"@id\":\"https:\/\/colinacabosdemadeira.com.br\/blog\/fabrica-de-cabos-de-madeira-em-sao-paulo-para-producao-de-lotes-industriais\/#primaryimage\"},\"thumbnailUrl\":\"https:\/\/colinacabosdemadeira.com.br\/blog\/wp-content\/uploads\/2024\/12\/cabos-de-madeira-serrados.webp\",\"keywords\":[\"cabo de madeira para colher de pedreiro\",\"cabo de madeira para desempenadeira\",\"cabo de madeira para esp\u00e1tula industrial\",\"cabos de madeira com qualidade industrial\",\"cabos de madeira comprar\",\"cabos de madeira de reflorestamento atendem crit\u00e9rios ESG?\",\"cabos de madeira direto da fabrica\",\"cabos de madeira em Diadema\",\"cabos de madeira em Guarulhos\",\"cabos de madeira em lote\",\"cabos de madeira em Maria Am\u00e9lia de Assun\u00e7\u00e3o\",\"cabos de madeira em Osasco\",\"cabos de madeira em Santo Andr\u00e9\",\"cabos de madeira em S\u00e3o Bernardo\",\"cabos de madeira em S\u00e3o Caetano\",\"cabos de madeira em S\u00e3o Jos\u00e9 Oper\u00e1rio\",\"cabos de madeira em s\u00e3o paulo\",\"cabos de madeira em sp\",\"cabos de madeira na baixada santista\",\"cabos de madeira na Vila Santa Teresinha\",\"cabos de madeira na zona leste\",\"cabos de madeira na zona oeste\",\"cabos de madeira na zona sul\",\"cabos de madeira no ABC\",\"cabos de madeira no centro\",\"cabos de madeira para equipamentos de limpeza\",\"cabos de madeira para ferramentas\",\"cabos de madeira para ferramentas manuais\",\"cabos de madeira para ferramentas manuais t\u00eam especifica\u00e7\u00e3o t\u00e9cnica?\",\"cabos de madeira para lavatina\",\"cabos de madeira para lavatina t\u00eam dimens\u00e3o padr\u00e3o?\",\"cabos de madeira perto de mim\",\"cabos de madeira pinus reflorestamento\",\"cabos de madeira pre\u00e7o\",\"cabos de madeira pr\u00f3ximo a mim\",\"cabos de madeira torneados industrial\",\"como escolher fornecedor de cabos de madeira para ind\u00fastria?\",\"como funciona o processo de torneamento de cabos de madeira?\",\"como homologar fornecedor de cabos de madeira para produ\u00e7\u00e3o industrial?\",\"comprar cabos de madeira em grande quantidade\",\"empresa de cabos de madeira S\u00e3o Paulo\",\"f\u00e1brica de cabos de madeira\",\"f\u00e1brica de cabos de madeira atende pessoa jur\u00eddica?\",\"f\u00e1brica de cabos de madeira em S\u00e3o Paulo\",\"f\u00e1brica de cabos de madeira em S\u00e3o Paulo entrega para todo o Brasil?\",\"f\u00e1brica de cabos de madeira faz projetos especiais?\",\"f\u00e1brica de cabos torneados SP\",\"fornecedor de cabos de madeira\",\"fornecedor de cabos de madeira para ind\u00fastria\",\"fornecedor homologado cabos de madeira\",\"loja de cabos de madeira\",\"o que \u00e9 maravalha de pinus e para que serve?\",\"onde comprar cabos de madeira torneados em lote em S\u00e3o Paulo?\",\"onde encontrar fornecedor homologado de cabos de madeira em SP?\",\"produ\u00e7\u00e3o de cabos torneados em madeira\",\"qual a diferen\u00e7a entre cabo de madeira torneado e serrado?\",\"qual madeira \u00e9 usada para fabricar cabos de ferramentas?\",\"qual o prazo de entrega de lotes industriais de cabos de madeira?\",\"torneados de madeira para ind\u00fastria\"],\"articleSection\":[\"Cabo de madeira\"],\"inLanguage\":\"pt-BR\",\"potentialAction\":[{\"@type\":\"CommentAction\",\"name\":\"Comment\",\"target\":[\"https:\/\/colinacabosdemadeira.com.br\/blog\/fabrica-de-cabos-de-madeira-em-sao-paulo-para-producao-de-lotes-industriais\/#respond\"]}]},{\"@type\":\"WebPage\",\"@id\":\"https:\/\/colinacabosdemadeira.com.br\/blog\/fabrica-de-cabos-de-madeira-em-sao-paulo-para-producao-de-lotes-industriais\/\",\"url\":\"https:\/\/colinacabosdemadeira.com.br\/blog\/fabrica-de-cabos-de-madeira-em-sao-paulo-para-producao-de-lotes-industriais\/\",\"name\":\"F\u00e1brica de cabos de madeira em S\u00e3o Paulo para produ\u00e7\u00e3o de lotes industriais\u00a0\",\"isPartOf\":{\"@id\":\"https:\/\/colinacabosdemadeira.com.br\/blog\/#website\"},\"primaryImageOfPage\":{\"@id\":\"https:\/\/colinacabosdemadeira.com.br\/blog\/fabrica-de-cabos-de-madeira-em-sao-paulo-para-producao-de-lotes-industriais\/#primaryimage\"},\"image\":{\"@id\":\"https:\/\/colinacabosdemadeira.com.br\/blog\/fabrica-de-cabos-de-madeira-em-sao-paulo-para-producao-de-lotes-industriais\/#primaryimage\"},\"thumbnailUrl\":\"https:\/\/colinacabosdemadeira.com.br\/blog\/wp-content\/uploads\/2024\/12\/cabos-de-madeira-serrados.webp\",\"datePublished\":\"2026-04-28T19:18:28+00:00\",\"dateModified\":\"2026-04-28T19:18:29+00:00\",\"description\":\"F\u00e1brica de cabos de madeira em S\u00e3o Paulo com quase 3 d\u00e9cadas de experi\u00eancia, produ\u00e7\u00e3o em lotes industriais e madeira de reflorestamento.\",\"breadcrumb\":{\"@id\":\"https:\/\/colinacabosdemadeira.com.br\/blog\/fabrica-de-cabos-de-madeira-em-sao-paulo-para-producao-de-lotes-industriais\/#breadcrumb\"},\"inLanguage\":\"pt-BR\",\"potentialAction\":[{\"@type\":\"ReadAction\",\"target\":[\"https:\/\/colinacabosdemadeira.com.br\/blog\/fabrica-de-cabos-de-madeira-em-sao-paulo-para-producao-de-lotes-industriais\/\"]}]},{\"@type\":\"ImageObject\",\"inLanguage\":\"pt-BR\",\"@id\":\"https:\/\/colinacabosdemadeira.com.br\/blog\/fabrica-de-cabos-de-madeira-em-sao-paulo-para-producao-de-lotes-industriais\/#primaryimage\",\"url\":\"https:\/\/colinacabosdemadeira.com.br\/blog\/wp-content\/uploads\/2024\/12\/cabos-de-madeira-serrados.webp\",\"contentUrl\":\"https:\/\/colinacabosdemadeira.com.br\/blog\/wp-content\/uploads\/2024\/12\/cabos-de-madeira-serrados.webp\",\"width\":437,\"height\":254,\"caption\":\"F\u00e1brica de cabos de madeira em S\u00e3o Paulo para produ\u00e7\u00e3o de lotes industriais\u00a0\"},{\"@type\":\"BreadcrumbList\",\"@id\":\"https:\/\/colinacabosdemadeira.com.br\/blog\/fabrica-de-cabos-de-madeira-em-sao-paulo-para-producao-de-lotes-industriais\/#breadcrumb\",\"itemListElement\":[{\"@type\":\"ListItem\",\"position\":1,\"name\":\"In\u00edcio\",\"item\":\"https:\/\/colinacabosdemadeira.com.br\/blog\/\"},{\"@type\":\"ListItem\",\"position\":2,\"name\":\"F\u00e1brica de cabos de madeira em S\u00e3o Paulo para produ\u00e7\u00e3o de lotes industriais\u00a0\"}]},{\"@type\":\"WebSite\",\"@id\":\"https:\/\/colinacabosdemadeira.com.br\/blog\/#website\",\"url\":\"https:\/\/colinacabosdemadeira.com.br\/blog\/\",\"name\":\"Colina Cabos de Madeira\",\"description\":\"Blog | Colina Cabos de Madeira\",\"publisher\":{\"@id\":\"https:\/\/colinacabosdemadeira.com.br\/blog\/#organization\"},\"potentialAction\":[{\"@type\":\"SearchAction\",\"target\":{\"@type\":\"EntryPoint\",\"urlTemplate\":\"https:\/\/colinacabosdemadeira.com.br\/blog\/?s={search_term_string}\"},\"query-input\":{\"@type\":\"PropertyValueSpecification\",\"valueRequired\":true,\"valueName\":\"search_term_string\"}}],\"inLanguage\":\"pt-BR\"},{\"@type\":\"Organization\",\"@id\":\"https:\/\/colinacabosdemadeira.com.br\/blog\/#organization\",\"name\":\"Colina Cabos de Madeira\",\"url\":\"https:\/\/colinacabosdemadeira.com.br\/blog\/\",\"logo\":{\"@type\":\"ImageObject\",\"inLanguage\":\"pt-BR\",\"@id\":\"https:\/\/colinacabosdemadeira.com.br\/blog\/#\/schema\/logo\/image\/\",\"url\":\"https:\/\/colinacabosdemadeira.com.br\/blog\/wp-content\/uploads\/2024\/05\/logo-colina.webp\",\"contentUrl\":\"https:\/\/colinacabosdemadeira.com.br\/blog\/wp-content\/uploads\/2024\/05\/logo-colina.webp\",\"width\":150,\"height\":87,\"caption\":\"Colina Cabos de Madeira\"},\"image\":{\"@id\":\"https:\/\/colinacabosdemadeira.com.br\/blog\/#\/schema\/logo\/image\/\"}},{\"@type\":\"Person\",\"@id\":\"https:\/\/colinacabosdemadeira.com.br\/blog\/#\/schema\/person\/5e151e0ea8cc67e390dd1718999048ec\",\"name\":\"paula@bloomin.com.br\",\"image\":{\"@type\":\"ImageObject\",\"inLanguage\":\"pt-BR\",\"@id\":\"https:\/\/colinacabosdemadeira.com.br\/blog\/#\/schema\/person\/image\/\",\"url\":\"https:\/\/secure.gravatar.com\/avatar\/9ef9b5e7281a226f512db63573acf4a937b91710cb7b6b89348c19c02370573d?s=96&d=mm&r=g\",\"contentUrl\":\"https:\/\/secure.gravatar.com\/avatar\/9ef9b5e7281a226f512db63573acf4a937b91710cb7b6b89348c19c02370573d?s=96&d=mm&r=g\",\"caption\":\"paula@bloomin.com.br\"},\"sameAs\":[\"https:\/\/colinacabosdemadeira.com.br\/blog\"],\"url\":\"https:\/\/colinacabosdemadeira.com.br\/blog\/author\/paulabloomin-com-br\/\"}]}<\/script>\n<!-- \/ Yoast SEO plugin. -->","yoast_head_json":{"title":"F\u00e1brica de cabos de madeira em S\u00e3o Paulo para produ\u00e7\u00e3o de lotes industriais\u00a0","description":"F\u00e1brica de cabos de madeira em S\u00e3o Paulo com quase 3 d\u00e9cadas de experi\u00eancia, produ\u00e7\u00e3o em lotes industriais e madeira de reflorestamento.","robots":{"index":"index","follow":"follow","max-snippet":"max-snippet:-1","max-image-preview":"max-image-preview:large","max-video-preview":"max-video-preview:-1"},"canonical":"https:\/\/colinacabosdemadeira.com.br\/blog\/fabrica-de-cabos-de-madeira-em-sao-paulo-para-producao-de-lotes-industriais\/","og_locale":"pt_BR","og_type":"article","og_title":"F\u00e1brica de cabos de madeira em S\u00e3o Paulo para produ\u00e7\u00e3o de lotes industriais\u00a0","og_description":"F\u00e1brica de cabos de madeira em S\u00e3o Paulo com quase 3 d\u00e9cadas de experi\u00eancia, produ\u00e7\u00e3o em lotes industriais e madeira de reflorestamento.","og_url":"https:\/\/colinacabosdemadeira.com.br\/blog\/fabrica-de-cabos-de-madeira-em-sao-paulo-para-producao-de-lotes-industriais\/","og_site_name":"Colina Cabos de Madeira","article_published_time":"2026-04-28T19:18:28+00:00","article_modified_time":"2026-04-28T19:18:29+00:00","og_image":[{"width":437,"height":254,"url":"https:\/\/colinacabosdemadeira.com.br\/blog\/wp-content\/uploads\/2024\/12\/cabos-de-madeira-serrados.webp","type":"image\/webp"}],"author":"paula@bloomin.com.br","twitter_card":"summary_large_image","twitter_misc":{"Escrito por":"paula@bloomin.com.br","Est. tempo de leitura":"6 minutos"},"schema":{"@context":"https:\/\/schema.org","@graph":[{"@type":"Article","@id":"https:\/\/colinacabosdemadeira.com.br\/blog\/fabrica-de-cabos-de-madeira-em-sao-paulo-para-producao-de-lotes-industriais\/#article","isPartOf":{"@id":"https:\/\/colinacabosdemadeira.com.br\/blog\/fabrica-de-cabos-de-madeira-em-sao-paulo-para-producao-de-lotes-industriais\/"},"author":{"name":"paula@bloomin.com.br","@id":"https:\/\/colinacabosdemadeira.com.br\/blog\/#\/schema\/person\/5e151e0ea8cc67e390dd1718999048ec"},"headline":"F\u00e1brica de cabos de madeira em S\u00e3o Paulo para produ\u00e7\u00e3o de lotes industriais\u00a0","datePublished":"2026-04-28T19:18:28+00:00","dateModified":"2026-04-28T19:18:29+00:00","mainEntityOfPage":{"@id":"https:\/\/colinacabosdemadeira.com.br\/blog\/fabrica-de-cabos-de-madeira-em-sao-paulo-para-producao-de-lotes-industriais\/"},"wordCount":1084,"commentCount":0,"publisher":{"@id":"https:\/\/colinacabosdemadeira.com.br\/blog\/#organization"},"image":{"@id":"https:\/\/colinacabosdemadeira.com.br\/blog\/fabrica-de-cabos-de-madeira-em-sao-paulo-para-producao-de-lotes-industriais\/#primaryimage"},"thumbnailUrl":"https:\/\/colinacabosdemadeira.com.br\/blog\/wp-content\/uploads\/2024\/12\/cabos-de-madeira-serrados.webp","keywords":["cabo de madeira para colher de pedreiro","cabo de madeira para desempenadeira","cabo de madeira para esp\u00e1tula industrial","cabos de madeira com qualidade industrial","cabos de madeira comprar","cabos de madeira de reflorestamento atendem crit\u00e9rios ESG?","cabos de madeira direto da fabrica","cabos de madeira em Diadema","cabos de madeira em Guarulhos","cabos de madeira em lote","cabos de madeira em Maria Am\u00e9lia de Assun\u00e7\u00e3o","cabos de madeira em Osasco","cabos de madeira em Santo Andr\u00e9","cabos de madeira em S\u00e3o Bernardo","cabos de madeira em S\u00e3o Caetano","cabos de madeira em S\u00e3o Jos\u00e9 Oper\u00e1rio","cabos de madeira em s\u00e3o paulo","cabos de madeira em sp","cabos de madeira na baixada santista","cabos de madeira na Vila Santa Teresinha","cabos de madeira na zona leste","cabos de madeira na zona oeste","cabos de madeira na zona sul","cabos de madeira no ABC","cabos de madeira no centro","cabos de madeira para equipamentos de limpeza","cabos de madeira para ferramentas","cabos de madeira para ferramentas manuais","cabos de madeira para ferramentas manuais t\u00eam especifica\u00e7\u00e3o t\u00e9cnica?","cabos de madeira para lavatina","cabos de madeira para lavatina t\u00eam dimens\u00e3o padr\u00e3o?","cabos de madeira perto de mim","cabos de madeira pinus reflorestamento","cabos de madeira pre\u00e7o","cabos de madeira pr\u00f3ximo a mim","cabos de madeira torneados industrial","como escolher fornecedor de cabos de madeira para ind\u00fastria?","como funciona o processo de torneamento de cabos de madeira?","como homologar fornecedor de cabos de madeira para produ\u00e7\u00e3o industrial?","comprar cabos de madeira em grande quantidade","empresa de cabos de madeira S\u00e3o Paulo","f\u00e1brica de cabos de madeira","f\u00e1brica de cabos de madeira atende pessoa jur\u00eddica?","f\u00e1brica de cabos de madeira em S\u00e3o Paulo","f\u00e1brica de cabos de madeira em S\u00e3o Paulo entrega para todo o Brasil?","f\u00e1brica de cabos de madeira faz projetos especiais?","f\u00e1brica de cabos torneados SP","fornecedor de cabos de madeira","fornecedor de cabos de madeira para ind\u00fastria","fornecedor homologado cabos de madeira","loja de cabos de madeira","o que \u00e9 maravalha de pinus e para que serve?","onde comprar cabos de madeira torneados em lote em S\u00e3o Paulo?","onde encontrar fornecedor homologado de cabos de madeira em SP?","produ\u00e7\u00e3o de cabos torneados em madeira","qual a diferen\u00e7a entre cabo de madeira torneado e serrado?","qual madeira \u00e9 usada para fabricar cabos de ferramentas?","qual o prazo de entrega de lotes industriais de cabos de madeira?","torneados de madeira para ind\u00fastria"],"articleSection":["Cabo de madeira"],"inLanguage":"pt-BR","potentialAction":[{"@type":"CommentAction","name":"Comment","target":["https:\/\/colinacabosdemadeira.com.br\/blog\/fabrica-de-cabos-de-madeira-em-sao-paulo-para-producao-de-lotes-industriais\/#respond"]}]},{"@type":"WebPage","@id":"https:\/\/colinacabosdemadeira.com.br\/blog\/fabrica-de-cabos-de-madeira-em-sao-paulo-para-producao-de-lotes-industriais\/","url":"https:\/\/colinacabosdemadeira.com.br\/blog\/fabrica-de-cabos-de-madeira-em-sao-paulo-para-producao-de-lotes-industriais\/","name":"F\u00e1brica de cabos de madeira em S\u00e3o Paulo para produ\u00e7\u00e3o de lotes industriais\u00a0","isPartOf":{"@id":"https:\/\/colinacabosdemadeira.com.br\/blog\/#website"},"primaryImageOfPage":{"@id":"https:\/\/colinacabosdemadeira.com.br\/blog\/fabrica-de-cabos-de-madeira-em-sao-paulo-para-producao-de-lotes-industriais\/#primaryimage"},"image":{"@id":"https:\/\/colinacabosdemadeira.com.br\/blog\/fabrica-de-cabos-de-madeira-em-sao-paulo-para-producao-de-lotes-industriais\/#primaryimage"},"thumbnailUrl":"https:\/\/colinacabosdemadeira.com.br\/blog\/wp-content\/uploads\/2024\/12\/cabos-de-madeira-serrados.webp","datePublished":"2026-04-28T19:18:28+00:00","dateModified":"2026-04-28T19:18:29+00:00","description":"F\u00e1brica de cabos de madeira em S\u00e3o Paulo com quase 3 d\u00e9cadas de experi\u00eancia, produ\u00e7\u00e3o em lotes industriais e madeira de reflorestamento.","breadcrumb":{"@id":"https:\/\/colinacabosdemadeira.com.br\/blog\/fabrica-de-cabos-de-madeira-em-sao-paulo-para-producao-de-lotes-industriais\/#breadcrumb"},"inLanguage":"pt-BR","potentialAction":[{"@type":"ReadAction","target":["https:\/\/colinacabosdemadeira.com.br\/blog\/fabrica-de-cabos-de-madeira-em-sao-paulo-para-producao-de-lotes-industriais\/"]}]},{"@type":"ImageObject","inLanguage":"pt-BR","@id":"https:\/\/colinacabosdemadeira.com.br\/blog\/fabrica-de-cabos-de-madeira-em-sao-paulo-para-producao-de-lotes-industriais\/#primaryimage","url":"https:\/\/colinacabosdemadeira.com.br\/blog\/wp-content\/uploads\/2024\/12\/cabos-de-madeira-serrados.webp","contentUrl":"https:\/\/colinacabosdemadeira.com.br\/blog\/wp-content\/uploads\/2024\/12\/cabos-de-madeira-serrados.webp","width":437,"height":254,"caption":"F\u00e1brica de cabos de madeira em S\u00e3o Paulo para produ\u00e7\u00e3o de lotes industriais\u00a0"},{"@type":"BreadcrumbList","@id":"https:\/\/colinacabosdemadeira.com.br\/blog\/fabrica-de-cabos-de-madeira-em-sao-paulo-para-producao-de-lotes-industriais\/#breadcrumb","itemListElement":[{"@type":"ListItem","position":1,"name":"In\u00edcio","item":"https:\/\/colinacabosdemadeira.com.br\/blog\/"},{"@type":"ListItem","position":2,"name":"F\u00e1brica de cabos de madeira em S\u00e3o Paulo para produ\u00e7\u00e3o de lotes industriais\u00a0"}]},{"@type":"WebSite","@id":"https:\/\/colinacabosdemadeira.com.br\/blog\/#website","url":"https:\/\/colinacabosdemadeira.com.br\/blog\/","name":"Colina Cabos de Madeira","description":"Blog | Colina Cabos de Madeira","publisher":{"@id":"https:\/\/colinacabosdemadeira.com.br\/blog\/#organization"},"potentialAction":[{"@type":"SearchAction","target":{"@type":"EntryPoint","urlTemplate":"https:\/\/colinacabosdemadeira.com.br\/blog\/?s={search_term_string}"},"query-input":{"@type":"PropertyValueSpecification","valueRequired":true,"valueName":"search_term_string"}}],"inLanguage":"pt-BR"},{"@type":"Organization","@id":"https:\/\/colinacabosdemadeira.com.br\/blog\/#organization","name":"Colina Cabos de Madeira","url":"https:\/\/colinacabosdemadeira.com.br\/blog\/","logo":{"@type":"ImageObject","inLanguage":"pt-BR","@id":"https:\/\/colinacabosdemadeira.com.br\/blog\/#\/schema\/logo\/image\/","url":"https:\/\/colinacabosdemadeira.com.br\/blog\/wp-content\/uploads\/2024\/05\/logo-colina.webp","contentUrl":"https:\/\/colinacabosdemadeira.com.br\/blog\/wp-content\/uploads\/2024\/05\/logo-colina.webp","width":150,"height":87,"caption":"Colina Cabos de Madeira"},"image":{"@id":"https:\/\/colinacabosdemadeira.com.br\/blog\/#\/schema\/logo\/image\/"}},{"@type":"Person","@id":"https:\/\/colinacabosdemadeira.com.br\/blog\/#\/schema\/person\/5e151e0ea8cc67e390dd1718999048ec","name":"paula@bloomin.com.br","image":{"@type":"ImageObject","inLanguage":"pt-BR","@id":"https:\/\/colinacabosdemadeira.com.br\/blog\/#\/schema\/person\/image\/","url":"https:\/\/secure.gravatar.com\/avatar\/9ef9b5e7281a226f512db63573acf4a937b91710cb7b6b89348c19c02370573d?s=96&d=mm&r=g","contentUrl":"https:\/\/secure.gravatar.com\/avatar\/9ef9b5e7281a226f512db63573acf4a937b91710cb7b6b89348c19c02370573d?s=96&d=mm&r=g","caption":"paula@bloomin.com.br"},"sameAs":["https:\/\/colinacabosdemadeira.com.br\/blog"],"url":"https:\/\/colinacabosdemadeira.com.br\/blog\/author\/paulabloomin-com-br\/"}]}},"_links":{"self":[{"href":"https:\/\/colinacabosdemadeira.com.br\/blog\/wp-json\/wp\/v2\/posts\/235","targetHints":{"allow":["GET"]}}],"collection":[{"href":"https:\/\/colinacabosdemadeira.com.br\/blog\/wp-json\/wp\/v2\/posts"}],"about":[{"href":"https:\/\/colinacabosdemadeira.com.br\/blog\/wp-json\/wp\/v2\/types\/post"}],"author":[{"embeddable":true,"href":"https:\/\/colinacabosdemadeira.com.br\/blog\/wp-json\/wp\/v2\/users\/1"}],"replies":[{"embeddable":true,"href":"https:\/\/colinacabosdemadeira.com.br\/blog\/wp-json\/wp\/v2\/comments?post=235"}],"version-history":[{"count":1,"href":"https:\/\/colinacabosdemadeira.com.br\/blog\/wp-json\/wp\/v2\/posts\/235\/revisions"}],"predecessor-version":[{"id":236,"href":"https:\/\/colinacabosdemadeira.com.br\/blog\/wp-json\/wp\/v2\/posts\/235\/revisions\/236"}],"wp:featuredmedia":[{"embeddable":true,"href":"https:\/\/colinacabosdemadeira.com.br\/blog\/wp-json\/wp\/v2\/media\/90"}],"wp:attachment":[{"href":"https:\/\/colinacabosdemadeira.com.br\/blog\/wp-json\/wp\/v2\/media?parent=235"}],"wp:term":[{"taxonomy":"category","embeddable":true,"href":"https:\/\/colinacabosdemadeira.com.br\/blog\/wp-json\/wp\/v2\/categories?post=235"},{"taxonomy":"post_tag","embeddable":true,"href":"https:\/\/colinacabosdemadeira.com.br\/blog\/wp-json\/wp\/v2\/tags?post=235"}],"curies":[{"name":"wp","href":"https:\/\/api.w.org\/{rel}","templated":true}]}}