{"id":207,"date":"2025-12-16T12:06:23","date_gmt":"2025-12-16T15:06:23","guid":{"rendered":"https:\/\/colinacabosdemadeira.com.br\/blog\/?p=207"},"modified":"2025-12-16T12:06:52","modified_gmt":"2025-12-16T15:06:52","slug":"cabos-de-madeira-para-lavatina-quando-vale-investir","status":"publish","type":"post","link":"https:\/\/colinacabosdemadeira.com.br\/blog\/cabos-de-madeira-para-lavatina-quando-vale-investir\/","title":{"rendered":"Cabos de madeira para lavatina: quando vale investir?"},"content":{"rendered":"<span class=\"span-reading-time rt-reading-time\" style=\"display: block;\"><span class=\"rt-label rt-prefix\">Tempo de leitura: <\/span> <span class=\"rt-time\"> 5<\/span> <span class=\"rt-label rt-postfix\">minutos<\/span><\/span>\n<p class=\"has-medium-font-size\"><strong><em>Cabos de madeira para lavatina s\u00e3o ideais quando durabilidade, ergonomia e sustentabilidade impactam custos, opera\u00e7\u00e3o e padr\u00e3o profissional.<\/em><\/strong><\/p>\n\n\n\n<p>Quem trabalha com limpeza profissional sabe que pequenos detalhes fazem diferen\u00e7a no dia a dia. Um deles, muitas vezes ignorado, \u00e9 a escolha dos cabos de madeira para lavatina. Embora pare\u00e7am itens simples, eles impactam diretamente a durabilidade dos equipamentos, o conforto operacional e at\u00e9 a percep\u00e7\u00e3o de qualidade do ambiente.<\/p>\n\n\n\n<p>Em hot\u00e9is, hospitais, empresas e condom\u00ednios, a decis\u00e3o de investir ou n\u00e3o nesse tipo de produto costuma surgir quando surgem problemas recorrentes, como quebras constantes, desconforto no manuseio ou a necessidade de alinhar opera\u00e7\u00f5es a pr\u00e1ticas mais sustent\u00e1veis.<\/p>\n\n\n\n<p>Entender quando vale investir em cabos de madeira para lavatina \u00e9 essencial para quem busca efici\u00eancia, redu\u00e7\u00e3o de custos no m\u00e9dio prazo e um padr\u00e3o mais profissional nas rotinas de limpeza.<\/p>\n\n\n\n<ul class=\"wp-block-list\">\n<li><a href=\"https:\/\/colinacabosdemadeira.com.br\/blog\/como-escolher-madeira-para-banner-que-dure-anos\/\" target=\"_blank\" rel=\"noreferrer noopener\">Como escolher madeira para banner que dure anos?<\/a><\/li>\n<\/ul>\n\n\n\n<h2 class=\"wp-block-heading\">Quando o uso \u00e9 intensivo e exige maior durabilidade<\/h2>\n\n\n\n<p>O investimento em cabos de madeira para lavatina se justifica principalmente em ambientes onde o uso \u00e9 frequente e cont\u00ednuo. Locais com grande circula\u00e7\u00e3o de pessoas, como hot\u00e9is, hospitais, escolas e empresas, exigem equipamentos que suportem rotinas intensas sem apresentar desgaste prematuro.<\/p>\n\n\n\n<p>Diferente de op\u00e7\u00f5es mais fr\u00e1geis, a madeira, quando bem selecionada e tratada, oferece resist\u00eancia mec\u00e2nica superior. <strong>Cabos produzidos em eucalipto ou pinus, por exemplo, suportam melhor o esfor\u00e7o di\u00e1rio, impactos ocasionais e a press\u00e3o aplicada durante a limpeza sanit\u00e1ria<\/strong>. Isso reduz a necessidade de substitui\u00e7\u00f5es constantes, que acabam gerando custos invis\u00edveis ao longo do tempo.<\/p>\n\n\n\n<p>Outro ponto importante \u00e9 a estabilidade estrutural. <strong>Em opera\u00e7\u00f5es profissionais, um cabo que entorta, quebra ou solta compromete n\u00e3o apenas a efici\u00eancia, mas tamb\u00e9m a seguran\u00e7a do operador<\/strong>. Ao optar por cabos de madeira para lavatina, a empresa ganha previsibilidade, menos paradas operacionais e maior vida \u00fatil do equipamento.<\/p>\n\n\n\n<p>Esse cen\u00e1rio \u00e9 semelhante ao que ocorre em outras \u00e1reas de manuten\u00e7\u00e3o predial, como a manuten\u00e7\u00e3o ar condicionado, onde investir em componentes mais robustos evita interven\u00e7\u00f5es corretivas frequentes e interrup\u00e7\u00f5es na opera\u00e7\u00e3o.<\/p>\n\n\n\n<ul class=\"wp-block-list\">\n<li><a href=\"https:\/\/colinacabosdemadeira.com.br\/blog\/como-escolher-um-fornecedor-de-utensilios-domesticos-de-madeira-sem-cair-em-armadilhas\/\" target=\"_blank\" rel=\"noreferrer noopener\">Como escolher um fornecedor de utens\u00edlios dom\u00e9sticos de madeira sem cair em armadilhas<\/a><\/li>\n<\/ul>\n\n\n\n<h2 class=\"wp-block-heading\">Quando ergonomia e conforto operacional fazem diferen\u00e7a<\/h2>\n\n\n\n<p>A ergonomia \u00e9 um fator decisivo quando se analisa o custo real de um equipamento de limpeza. Cabos de madeira para lavatina oferecem um manuseio mais firme, confort\u00e1vel e equilibrado, o que impacta diretamente a rotina dos profissionais respons\u00e1veis pela higieniza\u00e7\u00e3o.<\/p>\n\n\n\n<p>A madeira possui uma pegada naturalmente mais agrad\u00e1vel, reduzindo a sensa\u00e7\u00e3o de escorregamento, mesmo em ambientes \u00famidos. <strong>Isso facilita o controle do movimento, diminui o esfor\u00e7o repetitivo e contribui para uma execu\u00e7\u00e3o mais eficiente da tarefa<\/strong>. Em jornadas longas, esse conforto operacional faz diferen\u00e7a na produtividade e na redu\u00e7\u00e3o de fadiga f\u00edsica.<\/p>\n\n\n\n<p>Al\u00e9m disso, o peso e a distribui\u00e7\u00e3o do cabo de madeira tendem a ser mais equilibrados, o que melhora a postura durante o uso. <strong>Em ambientes profissionais, onde a ergonomia \u00e9 cada vez mais observada como fator de sa\u00fade ocupacional, essa escolha se torna estrat\u00e9gica<\/strong>.<\/p>\n\n\n\n<p>Assim como acontece na manuten\u00e7\u00e3o ar condicionado, onde ferramentas adequadas reduzem o esfor\u00e7o t\u00e9cnico e o tempo de servi\u00e7o, a ergonomia dos cabos de madeira para lavatina contribui para uma opera\u00e7\u00e3o mais segura e eficiente, evitando desgastes desnecess\u00e1rios da equipe.<\/p>\n\n\n\n<h2 class=\"wp-block-heading\">Quando a sustentabilidade \u00e9 um crit\u00e9rio de decis\u00e3o<\/h2>\n\n\n\n<p>A sustentabilidade deixou de ser um diferencial e passou a ser um crit\u00e9rio de decis\u00e3o em muitas empresas. <strong>Optar por cabos de madeira para lavatina \u00e9 uma forma pr\u00e1tica de reduzir o uso de materiais pl\u00e1sticos e apostar em recursos renov\u00e1veis, especialmente quando a madeira possui origem respons\u00e1vel<\/strong>.<\/p>\n\n\n\n<p>Empresas que adotam pol\u00edticas ESG ou que precisam atender exig\u00eancias ambientais encontram nos cabos de madeira uma solu\u00e7\u00e3o alinhada a esses compromissos. <strong>Al\u00e9m de serem biodegrad\u00e1veis, eles apresentam maior durabilidade, o que reduz o descarte frequente e o volume de res\u00edduos gerados<\/strong>.<\/p>\n\n\n\n<p>Outro ponto relevante \u00e9 a percep\u00e7\u00e3o externa. <strong>Ambientes que utilizam materiais mais naturais e bem acabados transmitem cuidado, organiza\u00e7\u00e3o e responsabilidade ambiental<\/strong>. Esse detalhe, embora discreto, contribui para a imagem institucional, especialmente em locais onde clientes e visitantes t\u00eam acesso \u00e0s \u00e1reas comuns.<\/p>\n\n\n\n<p>Para quem busca um fornecedor de cabos de madeira para lavatina em S\u00e3o Paulo, a proximidade log\u00edstica tamb\u00e9m pode fortalecer pr\u00e1ticas sustent\u00e1veis, reduzindo impactos relacionados ao transporte e facilitando o abastecimento cont\u00ednuo.<\/p>\n\n\n\n<h1 class=\"wp-block-heading\">Por que a Colina Cabos de Madeira \u00e9 refer\u00eancia nesse investimento?<\/h1>\n\n\n\n<p>Ao avaliar quando vale investir em cabos de madeira para lavatina, o fornecedor escolhido faz toda a diferen\u00e7a. A <strong><em><a href=\"https:\/\/colinacabosdemadeira.com.br\/\" target=\"_blank\" rel=\"noreferrer noopener\">Colina Cabos de Madeira<\/a><\/em><\/strong> \u00e9 uma empresa brasileira que, ao longo dos anos, mant\u00e9m sua qualidade e tradi\u00e7\u00e3o na produ\u00e7\u00e3o de artefatos de madeira, consolidando-se como refer\u00eancia no setor.<\/p>\n\n\n\n<p>Com forte distribui\u00e7\u00e3o em todo o Brasil, a Colina oferece uma ampla linha de produtos, incluindo op\u00e7\u00f5es personalizadas de torneados de madeira para diversas finalidades. Esse diferencial permite atender demandas espec\u00edficas de empresas que buscam padroniza\u00e7\u00e3o, ergonomia e acabamento adequado ao uso profissional.<\/p>\n\n\n\n<p>A escolha de mat\u00e9rias-primas selecionadas, aliada a processos produtivos consistentes, garante cabos de madeira para lavatina com alto padr\u00e3o de resist\u00eancia e durabilidade. Para empresas que precisam justificar investimentos com base em desempenho, sustentabilidade e confiabilidade do fornecedor, a Colina se apresenta como uma solu\u00e7\u00e3o segura.<\/p>\n\n\n\n<p>Para quem procura um fornecedor de cabos de madeira para lavatina em S\u00e3o Paulo, a Colina Cabos de Madeira re\u00fane experi\u00eancia, capacidade de produ\u00e7\u00e3o e compromisso com a qualidade, fatores essenciais para opera\u00e7\u00f5es que n\u00e3o podem parar.<\/p>\n\n\n\n<h2 class=\"wp-block-heading\">Investir certo hoje para evitar custos amanh\u00e3<\/h2>\n\n\n\n<p>Investir em cabos de madeira para lavatina vale a pena quando durabilidade, ergonomia e sustentabilidade deixam de ser detalhes e passam a impactar diretamente a opera\u00e7\u00e3o. Em ambientes de uso intensivo, essa escolha reduz trocas frequentes, melhora o conforto da equipe e fortalece a imagem profissional da empresa.<\/p>\n\n\n\n<p>Ao considerar esses fatores, fica claro que o custo inicial n\u00e3o deve ser analisado isoladamente, mas sim em rela\u00e7\u00e3o ao desempenho ao longo do tempo. Assim como em \u00e1reas cr\u00edticas, como a manuten\u00e7\u00e3o de equipamentos e a manuten\u00e7\u00e3o ar condicionado, a escolha correta dos componentes reflete em efici\u00eancia e economia no m\u00e9dio e longo prazo.<\/p>\n\n\n\n<p>Se voc\u00ea busca um parceiro confi\u00e1vel e experiente, a Colina Cabos de Madeira, refer\u00eancia como fornecedor de cabos de madeira para lavatina em S\u00e3o Paulo, est\u00e1 preparada para oferecer solu\u00e7\u00f5es alinhadas \u00e0s necessidades do seu neg\u00f3cio.<\/p>\n\n\n\n<p><strong><a href=\"https:\/\/colinacabosdemadeira.com.br\/contato\" target=\"_blank\" rel=\"noreferrer noopener\">Entre em contato<\/a>, avalie as op\u00e7\u00f5es dispon\u00edveis e invista em qualidade que se sustenta no dia a dia<\/strong>.<\/p>\n","protected":false},"excerpt":{"rendered":"<p><span class=\"span-reading-time rt-reading-time\" style=\"display: block;\"><span class=\"rt-label rt-prefix\">Tempo de leitura: <\/span> <span class=\"rt-time\"> 5<\/span> <span class=\"rt-label rt-postfix\">minutos<\/span><\/span>Cabos de madeira para lavatina s\u00e3o ideais quando durabilidade, ergonomia e sustentabilidade impactam custos, opera\u00e7\u00e3o e padr\u00e3o profissional. Quem trabalha com limpeza profissional sabe que pequenos detalhes fazem diferen\u00e7a no dia a dia. Um deles, muitas vezes ignorado, \u00e9 a escolha dos cabos de madeira para lavatina. Embora pare\u00e7am itens simples, eles impactam diretamente a &hellip; <\/p>\n","protected":false},"author":1,"featured_media":208,"comment_status":"open","ping_status":"open","sticky":false,"template":"","format":"standard","meta":{"footnotes":""},"categories":[3491],"tags":[3492,3536,3534,3505,3537,3493,3516,3494,3519,3526,3496,3532,3521,3502,3501,3525,3531,3504,3528,3503,3527,3522,3523,3524,3535,3506,3514,3518,3517,3497,3529,3512,3520,3533,3509,3510,3511,3495,3530,3513,3500,3508,3498,3499,3515,2544,3507],"class_list":["post-207","post","type-post","status-publish","format-standard","has-post-thumbnail","hentry","category-cabos-de-madeira-para-lavatina","tag-cabos-de-madeira-para-lavatina","tag-cabos-de-madeira-para-lavatina-compra-profissional","tag-cabos-de-madeira-para-lavatina-conforto","tag-cabos-de-madeira-para-lavatina-custo-beneficio","tag-cabos-de-madeira-para-lavatina-decisao-de-compra","tag-cabos-de-madeira-para-lavatina-durabilidade","tag-cabos-de-madeira-para-lavatina-em-sao-paulo","tag-cabos-de-madeira-para-lavatina-ergonomia","tag-cabos-de-madeira-para-lavatina-ergonomia-faz-diferenca","tag-cabos-de-madeira-para-lavatina-esg","tag-cabos-de-madeira-para-lavatina-eucalipto","tag-cabos-de-madeira-para-lavatina-fabricante","tag-cabos-de-madeira-para-lavatina-fornecedor-confiavel","tag-cabos-de-madeira-para-lavatina-hospitalar","tag-cabos-de-madeira-para-lavatina-hotelaria","tag-cabos-de-madeira-para-lavatina-imagem-profissional","tag-cabos-de-madeira-para-lavatina-industria-brasileira","tag-cabos-de-madeira-para-lavatina-investimento","tag-cabos-de-madeira-para-lavatina-investimento-sustentavel","tag-cabos-de-madeira-para-lavatina-limpeza-profissional","tag-cabos-de-madeira-para-lavatina-limpeza-sanitaria","tag-cabos-de-madeira-para-lavatina-madeira-certificada","tag-cabos-de-madeira-para-lavatina-manutencao","tag-cabos-de-madeira-para-lavatina-operacao-diaria","tag-cabos-de-madeira-para-lavatina-padrao-corporativo","tag-cabos-de-madeira-para-lavatina-padrao-profissional","tag-cabos-de-madeira-para-lavatina-para-empresas","tag-cabos-de-madeira-para-lavatina-para-hospitais","tag-cabos-de-madeira-para-lavatina-para-hoteis","tag-cabos-de-madeira-para-lavatina-pinus","tag-cabos-de-madeira-para-lavatina-qualidade-premium","tag-cabos-de-madeira-para-lavatina-quebram-facil","tag-cabos-de-madeira-para-lavatina-reduzem-custos","tag-cabos-de-madeira-para-lavatina-resistencia","tag-cabos-de-madeira-para-lavatina-sao-duraveis","tag-cabos-de-madeira-para-lavatina-sao-sustentaveis","tag-cabos-de-madeira-para-lavatina-substituem-plastico","tag-cabos-de-madeira-para-lavatina-sustentabilidade","tag-cabos-de-madeira-para-lavatina-tradicao","tag-cabos-de-madeira-para-lavatina-uso-intensivo","tag-cabos-de-madeira-para-lavatina-uso-profissional","tag-cabos-de-madeira-para-lavatina-valem-a-pena","tag-fornecedor-de-cabos-de-madeira-para-lavatina","tag-fornecedor-de-cabos-de-madeira-para-lavatina-em-sao-paulo","tag-onde-comprar-cabos-de-madeira-para-lavatina","tag-qual-o-melhor-cabo-de-madeira-para-lavatina","tag-quando-investir-em-cabos-de-madeira-para-lavatina"],"yoast_head":"<!-- This site is optimized with the Yoast SEO plugin v27.0 - https:\/\/yoast.com\/product\/yoast-seo-wordpress\/ -->\n<title>Cabos de madeira para lavatina: quando vale investir?<\/title>\n<meta name=\"description\" content=\"Cabos de madeira para lavatina s\u00e3o ideais quando durabilidade, ergonomia e sustentabilidade impactam custos, opera\u00e7\u00e3o e padr\u00e3o profissional.\" \/>\n<meta name=\"robots\" content=\"index, follow, max-snippet:-1, max-image-preview:large, max-video-preview:-1\" \/>\n<link rel=\"canonical\" href=\"https:\/\/colinacabosdemadeira.com.br\/blog\/cabos-de-madeira-para-lavatina-quando-vale-investir\/\" \/>\n<meta property=\"og:locale\" content=\"pt_BR\" \/>\n<meta property=\"og:type\" content=\"article\" \/>\n<meta property=\"og:title\" content=\"Cabos de madeira para lavatina: quando vale investir?\" \/>\n<meta property=\"og:description\" content=\"Cabos de madeira para lavatina s\u00e3o ideais quando durabilidade, ergonomia e sustentabilidade impactam custos, opera\u00e7\u00e3o e padr\u00e3o profissional.\" \/>\n<meta property=\"og:url\" content=\"https:\/\/colinacabosdemadeira.com.br\/blog\/cabos-de-madeira-para-lavatina-quando-vale-investir\/\" \/>\n<meta property=\"og:site_name\" content=\"Colina Cabos de Madeira\" \/>\n<meta property=\"article:published_time\" content=\"2025-12-16T15:06:23+00:00\" \/>\n<meta property=\"article:modified_time\" content=\"2025-12-16T15:06:52+00:00\" \/>\n<meta property=\"og:image\" content=\"https:\/\/colinacabosdemadeira.com.br\/blog\/wp-content\/uploads\/2025\/12\/cabos-de-madeira-para-lavatina.webp\" \/>\n\t<meta property=\"og:image:width\" content=\"437\" \/>\n\t<meta property=\"og:image:height\" content=\"254\" \/>\n\t<meta property=\"og:image:type\" content=\"image\/webp\" \/>\n<meta name=\"author\" content=\"paula@bloomin.com.br\" \/>\n<meta name=\"twitter:card\" content=\"summary_large_image\" \/>\n<meta name=\"twitter:label1\" content=\"Escrito por\" \/>\n\t<meta name=\"twitter:data1\" content=\"paula@bloomin.com.br\" \/>\n\t<meta name=\"twitter:label2\" content=\"Est. tempo de leitura\" \/>\n\t<meta name=\"twitter:data2\" content=\"7 minutos\" \/>\n<script type=\"application\/ld+json\" class=\"yoast-schema-graph\">{\"@context\":\"https:\/\/schema.org\",\"@graph\":[{\"@type\":\"Article\",\"@id\":\"https:\/\/colinacabosdemadeira.com.br\/blog\/cabos-de-madeira-para-lavatina-quando-vale-investir\/#article\",\"isPartOf\":{\"@id\":\"https:\/\/colinacabosdemadeira.com.br\/blog\/cabos-de-madeira-para-lavatina-quando-vale-investir\/\"},\"author\":{\"name\":\"paula@bloomin.com.br\",\"@id\":\"https:\/\/colinacabosdemadeira.com.br\/blog\/#\/schema\/person\/5e151e0ea8cc67e390dd1718999048ec\"},\"headline\":\"Cabos de madeira para lavatina: quando vale investir?\",\"datePublished\":\"2025-12-16T15:06:23+00:00\",\"dateModified\":\"2025-12-16T15:06:52+00:00\",\"mainEntityOfPage\":{\"@id\":\"https:\/\/colinacabosdemadeira.com.br\/blog\/cabos-de-madeira-para-lavatina-quando-vale-investir\/\"},\"wordCount\":1170,\"commentCount\":0,\"publisher\":{\"@id\":\"https:\/\/colinacabosdemadeira.com.br\/blog\/#organization\"},\"image\":{\"@id\":\"https:\/\/colinacabosdemadeira.com.br\/blog\/cabos-de-madeira-para-lavatina-quando-vale-investir\/#primaryimage\"},\"thumbnailUrl\":\"https:\/\/colinacabosdemadeira.com.br\/blog\/wp-content\/uploads\/2025\/12\/cabos-de-madeira-para-lavatina.webp\",\"keywords\":[\"cabos de madeira para lavatina\",\"cabos de madeira para lavatina compra profissional?\",\"cabos de madeira para lavatina conforto?\",\"cabos de madeira para lavatina custo benef\u00edcio\",\"cabos de madeira para lavatina decis\u00e3o de compra?\",\"cabos de madeira para lavatina durabilidade\",\"cabos de madeira para lavatina em S\u00e3o Paulo?\",\"cabos de madeira para lavatina ergonomia\",\"cabos de madeira para lavatina ergonomia faz diferen\u00e7a?\",\"cabos de madeira para lavatina ESG?\",\"cabos de madeira para lavatina eucalipto\",\"cabos de madeira para lavatina fabricante?\",\"cabos de madeira para lavatina fornecedor confi\u00e1vel?\",\"cabos de madeira para lavatina hospitalar\",\"cabos de madeira para lavatina hotelaria\",\"cabos de madeira para lavatina imagem profissional?\",\"cabos de madeira para lavatina ind\u00fastria brasileira?\",\"cabos de madeira para lavatina investimento\",\"cabos de madeira para lavatina investimento sustent\u00e1vel?\",\"cabos de madeira para lavatina limpeza profissional\",\"cabos de madeira para lavatina limpeza sanit\u00e1ria?\",\"cabos de madeira para lavatina madeira certificada?\",\"cabos de madeira para lavatina manuten\u00e7\u00e3o?\",\"cabos de madeira para lavatina opera\u00e7\u00e3o di\u00e1ria?\",\"cabos de madeira para lavatina padr\u00e3o corporativo?\",\"cabos de madeira para lavatina padr\u00e3o profissional\",\"cabos de madeira para lavatina para empresas?\",\"cabos de madeira para lavatina para hospitais?\",\"cabos de madeira para lavatina para hot\u00e9is?\",\"cabos de madeira para lavatina pinus\",\"cabos de madeira para lavatina qualidade premium?\",\"cabos de madeira para lavatina quebram f\u00e1cil?\",\"cabos de madeira para lavatina reduzem custos?\",\"cabos de madeira para lavatina resist\u00eancia?\",\"cabos de madeira para lavatina s\u00e3o dur\u00e1veis?\",\"cabos de madeira para lavatina s\u00e3o sustent\u00e1veis?\",\"cabos de madeira para lavatina substituem pl\u00e1stico?\",\"cabos de madeira para lavatina sustentabilidade\",\"cabos de madeira para lavatina tradi\u00e7\u00e3o?\",\"cabos de madeira para lavatina uso intensivo?\",\"cabos de madeira para lavatina uso profissional\",\"cabos de madeira para lavatina valem a pena?\",\"fornecedor de cabos de madeira para lavatina\",\"fornecedor de cabos de madeira para lavatina em S\u00e3o Paulo\",\"onde comprar cabos de madeira para lavatina?\",\"qual o melhor cabo de madeira para lavatina?\",\"quando investir em cabos de madeira para lavatina?\"],\"articleSection\":[\"Cabos de madeira para lavatina\"],\"inLanguage\":\"pt-BR\",\"potentialAction\":[{\"@type\":\"CommentAction\",\"name\":\"Comment\",\"target\":[\"https:\/\/colinacabosdemadeira.com.br\/blog\/cabos-de-madeira-para-lavatina-quando-vale-investir\/#respond\"]}]},{\"@type\":\"WebPage\",\"@id\":\"https:\/\/colinacabosdemadeira.com.br\/blog\/cabos-de-madeira-para-lavatina-quando-vale-investir\/\",\"url\":\"https:\/\/colinacabosdemadeira.com.br\/blog\/cabos-de-madeira-para-lavatina-quando-vale-investir\/\",\"name\":\"Cabos de madeira para lavatina: quando vale investir?\",\"isPartOf\":{\"@id\":\"https:\/\/colinacabosdemadeira.com.br\/blog\/#website\"},\"primaryImageOfPage\":{\"@id\":\"https:\/\/colinacabosdemadeira.com.br\/blog\/cabos-de-madeira-para-lavatina-quando-vale-investir\/#primaryimage\"},\"image\":{\"@id\":\"https:\/\/colinacabosdemadeira.com.br\/blog\/cabos-de-madeira-para-lavatina-quando-vale-investir\/#primaryimage\"},\"thumbnailUrl\":\"https:\/\/colinacabosdemadeira.com.br\/blog\/wp-content\/uploads\/2025\/12\/cabos-de-madeira-para-lavatina.webp\",\"datePublished\":\"2025-12-16T15:06:23+00:00\",\"dateModified\":\"2025-12-16T15:06:52+00:00\",\"description\":\"Cabos de madeira para lavatina s\u00e3o ideais quando durabilidade, ergonomia e sustentabilidade impactam custos, opera\u00e7\u00e3o e padr\u00e3o profissional.\",\"breadcrumb\":{\"@id\":\"https:\/\/colinacabosdemadeira.com.br\/blog\/cabos-de-madeira-para-lavatina-quando-vale-investir\/#breadcrumb\"},\"inLanguage\":\"pt-BR\",\"potentialAction\":[{\"@type\":\"ReadAction\",\"target\":[\"https:\/\/colinacabosdemadeira.com.br\/blog\/cabos-de-madeira-para-lavatina-quando-vale-investir\/\"]}]},{\"@type\":\"ImageObject\",\"inLanguage\":\"pt-BR\",\"@id\":\"https:\/\/colinacabosdemadeira.com.br\/blog\/cabos-de-madeira-para-lavatina-quando-vale-investir\/#primaryimage\",\"url\":\"https:\/\/colinacabosdemadeira.com.br\/blog\/wp-content\/uploads\/2025\/12\/cabos-de-madeira-para-lavatina.webp\",\"contentUrl\":\"https:\/\/colinacabosdemadeira.com.br\/blog\/wp-content\/uploads\/2025\/12\/cabos-de-madeira-para-lavatina.webp\",\"width\":437,\"height\":254,\"caption\":\"Cabos de madeira para lavatina: quando vale investir?\"},{\"@type\":\"BreadcrumbList\",\"@id\":\"https:\/\/colinacabosdemadeira.com.br\/blog\/cabos-de-madeira-para-lavatina-quando-vale-investir\/#breadcrumb\",\"itemListElement\":[{\"@type\":\"ListItem\",\"position\":1,\"name\":\"In\u00edcio\",\"item\":\"https:\/\/colinacabosdemadeira.com.br\/blog\/\"},{\"@type\":\"ListItem\",\"position\":2,\"name\":\"Cabos de madeira para lavatina: quando vale investir?\"}]},{\"@type\":\"WebSite\",\"@id\":\"https:\/\/colinacabosdemadeira.com.br\/blog\/#website\",\"url\":\"https:\/\/colinacabosdemadeira.com.br\/blog\/\",\"name\":\"Colina Cabos de Madeira\",\"description\":\"Blog | Colina Cabos de Madeira\",\"publisher\":{\"@id\":\"https:\/\/colinacabosdemadeira.com.br\/blog\/#organization\"},\"potentialAction\":[{\"@type\":\"SearchAction\",\"target\":{\"@type\":\"EntryPoint\",\"urlTemplate\":\"https:\/\/colinacabosdemadeira.com.br\/blog\/?s={search_term_string}\"},\"query-input\":{\"@type\":\"PropertyValueSpecification\",\"valueRequired\":true,\"valueName\":\"search_term_string\"}}],\"inLanguage\":\"pt-BR\"},{\"@type\":\"Organization\",\"@id\":\"https:\/\/colinacabosdemadeira.com.br\/blog\/#organization\",\"name\":\"Colina Cabos de Madeira\",\"url\":\"https:\/\/colinacabosdemadeira.com.br\/blog\/\",\"logo\":{\"@type\":\"ImageObject\",\"inLanguage\":\"pt-BR\",\"@id\":\"https:\/\/colinacabosdemadeira.com.br\/blog\/#\/schema\/logo\/image\/\",\"url\":\"https:\/\/colinacabosdemadeira.com.br\/blog\/wp-content\/uploads\/2024\/05\/logo-colina.webp\",\"contentUrl\":\"https:\/\/colinacabosdemadeira.com.br\/blog\/wp-content\/uploads\/2024\/05\/logo-colina.webp\",\"width\":150,\"height\":87,\"caption\":\"Colina Cabos de Madeira\"},\"image\":{\"@id\":\"https:\/\/colinacabosdemadeira.com.br\/blog\/#\/schema\/logo\/image\/\"}},{\"@type\":\"Person\",\"@id\":\"https:\/\/colinacabosdemadeira.com.br\/blog\/#\/schema\/person\/5e151e0ea8cc67e390dd1718999048ec\",\"name\":\"paula@bloomin.com.br\",\"image\":{\"@type\":\"ImageObject\",\"inLanguage\":\"pt-BR\",\"@id\":\"https:\/\/colinacabosdemadeira.com.br\/blog\/#\/schema\/person\/image\/\",\"url\":\"https:\/\/secure.gravatar.com\/avatar\/9ef9b5e7281a226f512db63573acf4a937b91710cb7b6b89348c19c02370573d?s=96&d=mm&r=g\",\"contentUrl\":\"https:\/\/secure.gravatar.com\/avatar\/9ef9b5e7281a226f512db63573acf4a937b91710cb7b6b89348c19c02370573d?s=96&d=mm&r=g\",\"caption\":\"paula@bloomin.com.br\"},\"sameAs\":[\"https:\/\/colinacabosdemadeira.com.br\/blog\"],\"url\":\"https:\/\/colinacabosdemadeira.com.br\/blog\/author\/paulabloomin-com-br\/\"}]}<\/script>\n<!-- \/ Yoast SEO plugin. -->","yoast_head_json":{"title":"Cabos de madeira para lavatina: quando vale investir?","description":"Cabos de madeira para lavatina s\u00e3o ideais quando durabilidade, ergonomia e sustentabilidade impactam custos, opera\u00e7\u00e3o e padr\u00e3o profissional.","robots":{"index":"index","follow":"follow","max-snippet":"max-snippet:-1","max-image-preview":"max-image-preview:large","max-video-preview":"max-video-preview:-1"},"canonical":"https:\/\/colinacabosdemadeira.com.br\/blog\/cabos-de-madeira-para-lavatina-quando-vale-investir\/","og_locale":"pt_BR","og_type":"article","og_title":"Cabos de madeira para lavatina: quando vale investir?","og_description":"Cabos de madeira para lavatina s\u00e3o ideais quando durabilidade, ergonomia e sustentabilidade impactam custos, opera\u00e7\u00e3o e padr\u00e3o profissional.","og_url":"https:\/\/colinacabosdemadeira.com.br\/blog\/cabos-de-madeira-para-lavatina-quando-vale-investir\/","og_site_name":"Colina Cabos de Madeira","article_published_time":"2025-12-16T15:06:23+00:00","article_modified_time":"2025-12-16T15:06:52+00:00","og_image":[{"width":437,"height":254,"url":"https:\/\/colinacabosdemadeira.com.br\/blog\/wp-content\/uploads\/2025\/12\/cabos-de-madeira-para-lavatina.webp","type":"image\/webp"}],"author":"paula@bloomin.com.br","twitter_card":"summary_large_image","twitter_misc":{"Escrito por":"paula@bloomin.com.br","Est. tempo de leitura":"7 minutos"},"schema":{"@context":"https:\/\/schema.org","@graph":[{"@type":"Article","@id":"https:\/\/colinacabosdemadeira.com.br\/blog\/cabos-de-madeira-para-lavatina-quando-vale-investir\/#article","isPartOf":{"@id":"https:\/\/colinacabosdemadeira.com.br\/blog\/cabos-de-madeira-para-lavatina-quando-vale-investir\/"},"author":{"name":"paula@bloomin.com.br","@id":"https:\/\/colinacabosdemadeira.com.br\/blog\/#\/schema\/person\/5e151e0ea8cc67e390dd1718999048ec"},"headline":"Cabos de madeira para lavatina: quando vale investir?","datePublished":"2025-12-16T15:06:23+00:00","dateModified":"2025-12-16T15:06:52+00:00","mainEntityOfPage":{"@id":"https:\/\/colinacabosdemadeira.com.br\/blog\/cabos-de-madeira-para-lavatina-quando-vale-investir\/"},"wordCount":1170,"commentCount":0,"publisher":{"@id":"https:\/\/colinacabosdemadeira.com.br\/blog\/#organization"},"image":{"@id":"https:\/\/colinacabosdemadeira.com.br\/blog\/cabos-de-madeira-para-lavatina-quando-vale-investir\/#primaryimage"},"thumbnailUrl":"https:\/\/colinacabosdemadeira.com.br\/blog\/wp-content\/uploads\/2025\/12\/cabos-de-madeira-para-lavatina.webp","keywords":["cabos de madeira para lavatina","cabos de madeira para lavatina compra profissional?","cabos de madeira para lavatina conforto?","cabos de madeira para lavatina custo benef\u00edcio","cabos de madeira para lavatina decis\u00e3o de compra?","cabos de madeira para lavatina durabilidade","cabos de madeira para lavatina em S\u00e3o Paulo?","cabos de madeira para lavatina ergonomia","cabos de madeira para lavatina ergonomia faz diferen\u00e7a?","cabos de madeira para lavatina ESG?","cabos de madeira para lavatina eucalipto","cabos de madeira para lavatina fabricante?","cabos de madeira para lavatina fornecedor confi\u00e1vel?","cabos de madeira para lavatina hospitalar","cabos de madeira para lavatina hotelaria","cabos de madeira para lavatina imagem profissional?","cabos de madeira para lavatina ind\u00fastria brasileira?","cabos de madeira para lavatina investimento","cabos de madeira para lavatina investimento sustent\u00e1vel?","cabos de madeira para lavatina limpeza profissional","cabos de madeira para lavatina limpeza sanit\u00e1ria?","cabos de madeira para lavatina madeira certificada?","cabos de madeira para lavatina manuten\u00e7\u00e3o?","cabos de madeira para lavatina opera\u00e7\u00e3o di\u00e1ria?","cabos de madeira para lavatina padr\u00e3o corporativo?","cabos de madeira para lavatina padr\u00e3o profissional","cabos de madeira para lavatina para empresas?","cabos de madeira para lavatina para hospitais?","cabos de madeira para lavatina para hot\u00e9is?","cabos de madeira para lavatina pinus","cabos de madeira para lavatina qualidade premium?","cabos de madeira para lavatina quebram f\u00e1cil?","cabos de madeira para lavatina reduzem custos?","cabos de madeira para lavatina resist\u00eancia?","cabos de madeira para lavatina s\u00e3o dur\u00e1veis?","cabos de madeira para lavatina s\u00e3o sustent\u00e1veis?","cabos de madeira para lavatina substituem pl\u00e1stico?","cabos de madeira para lavatina sustentabilidade","cabos de madeira para lavatina tradi\u00e7\u00e3o?","cabos de madeira para lavatina uso intensivo?","cabos de madeira para lavatina uso profissional","cabos de madeira para lavatina valem a pena?","fornecedor de cabos de madeira para lavatina","fornecedor de cabos de madeira para lavatina em S\u00e3o Paulo","onde comprar cabos de madeira para lavatina?","qual o melhor cabo de madeira para lavatina?","quando investir em cabos de madeira para lavatina?"],"articleSection":["Cabos de madeira para lavatina"],"inLanguage":"pt-BR","potentialAction":[{"@type":"CommentAction","name":"Comment","target":["https:\/\/colinacabosdemadeira.com.br\/blog\/cabos-de-madeira-para-lavatina-quando-vale-investir\/#respond"]}]},{"@type":"WebPage","@id":"https:\/\/colinacabosdemadeira.com.br\/blog\/cabos-de-madeira-para-lavatina-quando-vale-investir\/","url":"https:\/\/colinacabosdemadeira.com.br\/blog\/cabos-de-madeira-para-lavatina-quando-vale-investir\/","name":"Cabos de madeira para lavatina: quando vale investir?","isPartOf":{"@id":"https:\/\/colinacabosdemadeira.com.br\/blog\/#website"},"primaryImageOfPage":{"@id":"https:\/\/colinacabosdemadeira.com.br\/blog\/cabos-de-madeira-para-lavatina-quando-vale-investir\/#primaryimage"},"image":{"@id":"https:\/\/colinacabosdemadeira.com.br\/blog\/cabos-de-madeira-para-lavatina-quando-vale-investir\/#primaryimage"},"thumbnailUrl":"https:\/\/colinacabosdemadeira.com.br\/blog\/wp-content\/uploads\/2025\/12\/cabos-de-madeira-para-lavatina.webp","datePublished":"2025-12-16T15:06:23+00:00","dateModified":"2025-12-16T15:06:52+00:00","description":"Cabos de madeira para lavatina s\u00e3o ideais quando durabilidade, ergonomia e sustentabilidade impactam custos, opera\u00e7\u00e3o e padr\u00e3o profissional.","breadcrumb":{"@id":"https:\/\/colinacabosdemadeira.com.br\/blog\/cabos-de-madeira-para-lavatina-quando-vale-investir\/#breadcrumb"},"inLanguage":"pt-BR","potentialAction":[{"@type":"ReadAction","target":["https:\/\/colinacabosdemadeira.com.br\/blog\/cabos-de-madeira-para-lavatina-quando-vale-investir\/"]}]},{"@type":"ImageObject","inLanguage":"pt-BR","@id":"https:\/\/colinacabosdemadeira.com.br\/blog\/cabos-de-madeira-para-lavatina-quando-vale-investir\/#primaryimage","url":"https:\/\/colinacabosdemadeira.com.br\/blog\/wp-content\/uploads\/2025\/12\/cabos-de-madeira-para-lavatina.webp","contentUrl":"https:\/\/colinacabosdemadeira.com.br\/blog\/wp-content\/uploads\/2025\/12\/cabos-de-madeira-para-lavatina.webp","width":437,"height":254,"caption":"Cabos de madeira para lavatina: quando vale investir?"},{"@type":"BreadcrumbList","@id":"https:\/\/colinacabosdemadeira.com.br\/blog\/cabos-de-madeira-para-lavatina-quando-vale-investir\/#breadcrumb","itemListElement":[{"@type":"ListItem","position":1,"name":"In\u00edcio","item":"https:\/\/colinacabosdemadeira.com.br\/blog\/"},{"@type":"ListItem","position":2,"name":"Cabos de madeira para lavatina: quando vale investir?"}]},{"@type":"WebSite","@id":"https:\/\/colinacabosdemadeira.com.br\/blog\/#website","url":"https:\/\/colinacabosdemadeira.com.br\/blog\/","name":"Colina Cabos de Madeira","description":"Blog | Colina Cabos de Madeira","publisher":{"@id":"https:\/\/colinacabosdemadeira.com.br\/blog\/#organization"},"potentialAction":[{"@type":"SearchAction","target":{"@type":"EntryPoint","urlTemplate":"https:\/\/colinacabosdemadeira.com.br\/blog\/?s={search_term_string}"},"query-input":{"@type":"PropertyValueSpecification","valueRequired":true,"valueName":"search_term_string"}}],"inLanguage":"pt-BR"},{"@type":"Organization","@id":"https:\/\/colinacabosdemadeira.com.br\/blog\/#organization","name":"Colina Cabos de Madeira","url":"https:\/\/colinacabosdemadeira.com.br\/blog\/","logo":{"@type":"ImageObject","inLanguage":"pt-BR","@id":"https:\/\/colinacabosdemadeira.com.br\/blog\/#\/schema\/logo\/image\/","url":"https:\/\/colinacabosdemadeira.com.br\/blog\/wp-content\/uploads\/2024\/05\/logo-colina.webp","contentUrl":"https:\/\/colinacabosdemadeira.com.br\/blog\/wp-content\/uploads\/2024\/05\/logo-colina.webp","width":150,"height":87,"caption":"Colina Cabos de Madeira"},"image":{"@id":"https:\/\/colinacabosdemadeira.com.br\/blog\/#\/schema\/logo\/image\/"}},{"@type":"Person","@id":"https:\/\/colinacabosdemadeira.com.br\/blog\/#\/schema\/person\/5e151e0ea8cc67e390dd1718999048ec","name":"paula@bloomin.com.br","image":{"@type":"ImageObject","inLanguage":"pt-BR","@id":"https:\/\/colinacabosdemadeira.com.br\/blog\/#\/schema\/person\/image\/","url":"https:\/\/secure.gravatar.com\/avatar\/9ef9b5e7281a226f512db63573acf4a937b91710cb7b6b89348c19c02370573d?s=96&d=mm&r=g","contentUrl":"https:\/\/secure.gravatar.com\/avatar\/9ef9b5e7281a226f512db63573acf4a937b91710cb7b6b89348c19c02370573d?s=96&d=mm&r=g","caption":"paula@bloomin.com.br"},"sameAs":["https:\/\/colinacabosdemadeira.com.br\/blog"],"url":"https:\/\/colinacabosdemadeira.com.br\/blog\/author\/paulabloomin-com-br\/"}]}},"_links":{"self":[{"href":"https:\/\/colinacabosdemadeira.com.br\/blog\/wp-json\/wp\/v2\/posts\/207","targetHints":{"allow":["GET"]}}],"collection":[{"href":"https:\/\/colinacabosdemadeira.com.br\/blog\/wp-json\/wp\/v2\/posts"}],"about":[{"href":"https:\/\/colinacabosdemadeira.com.br\/blog\/wp-json\/wp\/v2\/types\/post"}],"author":[{"embeddable":true,"href":"https:\/\/colinacabosdemadeira.com.br\/blog\/wp-json\/wp\/v2\/users\/1"}],"replies":[{"embeddable":true,"href":"https:\/\/colinacabosdemadeira.com.br\/blog\/wp-json\/wp\/v2\/comments?post=207"}],"version-history":[{"count":1,"href":"https:\/\/colinacabosdemadeira.com.br\/blog\/wp-json\/wp\/v2\/posts\/207\/revisions"}],"predecessor-version":[{"id":209,"href":"https:\/\/colinacabosdemadeira.com.br\/blog\/wp-json\/wp\/v2\/posts\/207\/revisions\/209"}],"wp:featuredmedia":[{"embeddable":true,"href":"https:\/\/colinacabosdemadeira.com.br\/blog\/wp-json\/wp\/v2\/media\/208"}],"wp:attachment":[{"href":"https:\/\/colinacabosdemadeira.com.br\/blog\/wp-json\/wp\/v2\/media?parent=207"}],"wp:term":[{"taxonomy":"category","embeddable":true,"href":"https:\/\/colinacabosdemadeira.com.br\/blog\/wp-json\/wp\/v2\/categories?post=207"},{"taxonomy":"post_tag","embeddable":true,"href":"https:\/\/colinacabosdemadeira.com.br\/blog\/wp-json\/wp\/v2\/tags?post=207"}],"curies":[{"name":"wp","href":"https:\/\/api.w.org\/{rel}","templated":true}]}}