{"id":182,"date":"2025-09-30T14:07:35","date_gmt":"2025-09-30T17:07:35","guid":{"rendered":"https:\/\/colinacabosdemadeira.com.br\/blog\/?p=182"},"modified":"2025-09-30T14:12:54","modified_gmt":"2025-09-30T17:12:54","slug":"onde-comprar-bastao-de-madeira-para-banner-direto-da-fabrica","status":"publish","type":"post","link":"https:\/\/colinacabosdemadeira.com.br\/blog\/onde-comprar-bastao-de-madeira-para-banner-direto-da-fabrica\/","title":{"rendered":"Onde comprar bast\u00e3o de madeira para banner direto da f\u00e1brica"},"content":{"rendered":"<span class=\"span-reading-time rt-reading-time\" style=\"display: block;\"><span class=\"rt-label rt-prefix\">Tempo de leitura: <\/span> <span class=\"rt-time\"> 4<\/span> <span class=\"rt-label rt-postfix\">minutos<\/span><\/span>\n<p class=\"has-medium-font-size\"><strong><em>Saiba onde comprar bast\u00e3o de madeira para banner direto da f\u00e1brica em SP com qualidade, pre\u00e7o competitivo e entrega r\u00e1pida.<\/em><\/strong><\/p>\n\n\n\n<p>Se voc\u00ea trabalha com comunica\u00e7\u00e3o visual, eventos, publicidade ou produ\u00e7\u00e3o de materiais promocionais, j\u00e1 sabe: <strong>o bast\u00e3o de madeira para banner<\/strong> \u00e9 um item indispens\u00e1vel.&nbsp;<\/p>\n\n\n\n<p>Ele garante sustenta\u00e7\u00e3o, est\u00e9tica e funcionalidade ao material gr\u00e1fico, especialmente em banners verticais.<\/p>\n\n\n\n<p>Optar por um <strong>bast\u00e3o de madeira direto da f\u00e1brica<\/strong> significa cortar intermedi\u00e1rios, ganhar em custo-benef\u00edcio e ainda ter a possibilidade de personalizar medidas e acabamentos conforme a necessidade do seu projeto.<\/p>\n\n\n\n<p>Neste artigo, voc\u00ea vai entender onde encontrar os melhores bast\u00f5es de madeira para banner em SP e por que a <strong>Colina Cabos de Madeira<\/strong> \u00e9 a escolha ideal para sua empresa.<\/p>\n\n\n\n<ul class=\"wp-block-list\">\n<li><a href=\"https:\/\/colinacabosdemadeira.com.br\/blog\/fabrica-de-cabos-de-madeira-em-sao-paulo-conheca-a-colina\/\">F\u00e1brica de cabos de madeira em S\u00e3o Paulo: conhe\u00e7a a Colina<\/a><\/li>\n<\/ul>\n\n\n\n<h2 class=\"wp-block-heading\"><strong>Vantagens de comprar direto da f\u00e1brica<\/strong><\/h2>\n\n\n\n<p>Comprar diretamente da <strong>f\u00e1brica de bast\u00e3o de madeira para banner<\/strong> oferece uma s\u00e9rie de vantagens pr\u00e1ticas e comerciais. Veja algumas delas:<\/p>\n\n\n\n<ul class=\"wp-block-list\">\n<li><strong>Pre\u00e7o mais competitivo:<\/strong> sem intermedi\u00e1rios, o custo por unidade \u00e9 reduzido, especialmente em compras por atacado.<br><\/li>\n\n\n\n<li><strong>Maior controle de qualidade:<\/strong> f\u00e1bricas s\u00e9rias mant\u00eam um r\u00edgido padr\u00e3o de produ\u00e7\u00e3o.<br><\/li>\n\n\n\n<li><strong>Personaliza\u00e7\u00e3o:<\/strong> \u00e9 poss\u00edvel solicitar bast\u00f5es com medidas espec\u00edficas, acabamentos diferenciados ou embalagens especiais.<br><\/li>\n\n\n\n<li><strong>Estoque confi\u00e1vel:<\/strong> fabricantes costumam manter boa disponibilidade de produtos, ideal para empresas que compram em volume.<br><\/li>\n\n\n\n<li><strong>Prazo de entrega mais curto:<\/strong> menos etapas entre a produ\u00e7\u00e3o e a entrega final.<br><\/li>\n<\/ul>\n\n\n\n<p>Para empresas que buscam <strong>bast\u00e3o de madeira para banner em SP<\/strong>, a proximidade com a f\u00e1brica tamb\u00e9m facilita log\u00edstica, retiradas e agilidade em pedidos urgentes.<\/p>\n\n\n\n<h2 class=\"wp-block-heading\"><strong>Caracter\u00edsticas de um bom bast\u00e3o de madeira para banner<\/strong><\/h2>\n\n\n\n<p>Na hora de comprar, \u00e9 importante se atentar a alguns fatores que fazem diferen\u00e7a na qualidade e funcionalidade do bast\u00e3o:<\/p>\n\n\n\n<ul class=\"wp-block-list\">\n<li><strong>Madeira seca e tratada<\/strong>, que evita empenamentos e aumenta a durabilidade.<br><\/li>\n\n\n\n<li><strong>Acabamento liso<\/strong> e uniforme para n\u00e3o danificar o banner.<br><\/li>\n\n\n\n<li><strong>Pontas boleadas ou chanfradas<\/strong>, que contribuem para um visual mais profissional.<br><\/li>\n\n\n\n<li><strong>Espessura adequada<\/strong>, que garante firmeza sem comprometer o peso.<br><\/li>\n\n\n\n<li><strong>Op\u00e7\u00e3o de fura\u00e7\u00e3o ou entalhe<\/strong>, caso o banner exija encaixes espec\u00edficos.<br><\/li>\n<\/ul>\n\n\n\n<p>A <strong>Colina Cabos de Madeira<\/strong>, por exemplo, oferece todas essas op\u00e7\u00f5es com total controle de qualidade, gra\u00e7as \u00e0 sua expertise na produ\u00e7\u00e3o de artefatos de madeira.<\/p>\n\n\n\n<ul class=\"wp-block-list\">\n<li><a href=\"https:\/\/colinacabosdemadeira.com.br\/blog\/onde-comprar-cabos-para-espetos-e-grelhas\/\">Cabos para espetos e grelhas: a solu\u00e7\u00e3o ideal para seu churrasco<\/a><\/li>\n<\/ul>\n\n\n\n<h2 class=\"wp-block-heading\"><strong>Por que escolher a Colina Cabos de Madeira?<\/strong><\/h2>\n\n\n\n<p>A <strong>Colina Cabos de Madeira<\/strong> \u00e9 refer\u00eancia nacional na fabrica\u00e7\u00e3o de torneados de madeira, atendendo com excel\u00eancia empresas de diversos setores.&nbsp;<\/p>\n\n\n\n<p>A empresa alia <strong>tradi\u00e7\u00e3o e inova\u00e7\u00e3o<\/strong>, mantendo um processo produtivo altamente eficiente e voltado \u00e0s demandas espec\u00edficas de cada cliente.<\/p>\n\n\n\n<p>Alguns diferenciais da Colina incluem:<\/p>\n\n\n\n<ul class=\"wp-block-list\">\n<li><strong>Produ\u00e7\u00e3o pr\u00f3pria<\/strong> com controle em todas as etapas;<br><\/li>\n\n\n\n<li><strong>Personaliza\u00e7\u00e3o de modelos e medidas<\/strong>, inclusive para bast\u00f5es de banners promocionais e institucionais;<br><\/li>\n\n\n\n<li><strong>Distribui\u00e7\u00e3o em todo o Brasil<\/strong>, com log\u00edstica eficiente e comprometimento com prazos;<br><\/li>\n\n\n\n<li>Atendimento consultivo, que entende as reais necessidades do cliente;<br><\/li>\n\n\n\n<li>Ampla linha de produtos, o que permite adquirir outros itens de madeira no mesmo pedido.<br><\/li>\n<\/ul>\n\n\n\n<p>Se voc\u00ea procura por uma <strong>f\u00e1brica de bast\u00e3o de madeira para banner<\/strong> que entregue com qualidade, agilidade e pre\u00e7o justo, a Colina \u00e9 a parceira certa.<\/p>\n\n\n\n<figure class=\"wp-block-image size-full is-style-rounded\"><img loading=\"lazy\" decoding=\"async\" width=\"437\" height=\"254\" src=\"https:\/\/colinacabosdemadeira.com.br\/blog\/wp-content\/uploads\/2025\/09\/bastao-de-madeira-para-banner.jpg\" alt=\"Onde comprar bast\u00e3o de madeira para banner direto da f\u00e1brica\" class=\"wp-image-183\" srcset=\"https:\/\/colinacabosdemadeira.com.br\/blog\/wp-content\/uploads\/2025\/09\/bastao-de-madeira-para-banner.jpg 437w, https:\/\/colinacabosdemadeira.com.br\/blog\/wp-content\/uploads\/2025\/09\/bastao-de-madeira-para-banner-300x174.jpg 300w, https:\/\/colinacabosdemadeira.com.br\/blog\/wp-content\/uploads\/2025\/09\/bastao-de-madeira-para-banner-435x254.jpg 435w, https:\/\/colinacabosdemadeira.com.br\/blog\/wp-content\/uploads\/2025\/09\/bastao-de-madeira-para-banner-103x60.jpg 103w\" sizes=\"auto, (max-width: 437px) 100vw, 437px\" \/><\/figure>\n\n\n\n<h2 class=\"wp-block-heading\"><strong>Como comprar bast\u00e3o de madeira para banner em SP<\/strong><\/h2>\n\n\n\n<p>A compra pode ser feita de forma pr\u00e1tica, entrando em contato direto com a Colina Cabos de Madeira. A empresa atende empresas de pequeno, m\u00e9dio e grande porte com a mesma seriedade, oferecendo or\u00e7amento r\u00e1pido e personalizado.<\/p>\n\n\n\n<p>Para facilitar a escolha, \u00e9 ideal j\u00e1 ter em mente:<\/p>\n\n\n\n<ul class=\"wp-block-list\">\n<li>A <strong>quantidade<\/strong> necess\u00e1ria;<br><\/li>\n\n\n\n<li>As <strong>medidas espec\u00edficas<\/strong> do bast\u00e3o;<br><\/li>\n\n\n\n<li>O tipo de acabamento desejado;<br><\/li>\n\n\n\n<li>Se ser\u00e1 necess\u00e1rio algum <strong>acess\u00f3rio adicional<\/strong>, como ponteiras ou encaixes.<br><\/li>\n<\/ul>\n\n\n\n<p>A equipe da Colina est\u00e1 preparada para orientar desde a defini\u00e7\u00e3o do modelo at\u00e9 a entrega do pedido, com suporte t\u00e9cnico e comercial completo.<\/p>\n\n\n\n<h2 class=\"wp-block-heading\"><strong>Qualidade e confian\u00e7a com a Colina Cabos de Madeira<\/strong><\/h2>\n\n\n\n<p>Se voc\u00ea chegou at\u00e9 aqui, provavelmente est\u00e1 em busca de um fornecedor confi\u00e1vel para <strong>comprar bast\u00e3o de madeira para banner direto da f\u00e1brica<\/strong>. E n\u00e3o \u00e9 por acaso que a <strong>Colina Cabos de Madeira<\/strong> se destaca nesse segmento.&nbsp;<\/p>\n\n\n\n<p>Com anos de tradi\u00e7\u00e3o, atendimento especializado e produ\u00e7\u00e3o pr\u00f3pria, a empresa garante produtos de excel\u00eancia com prazos competitivos e pre\u00e7os acess\u00edveis.<\/p>\n\n\n\n<p><strong>Entre em contato com a Colina Cabos de Madeira e solicite seu or\u00e7amento.<\/strong>&nbsp;<\/p>\n\n\n\n<p>Surpreenda-se com a qualidade e efici\u00eancia de uma empresa que entende do assunto e est\u00e1 pronta para atender sua demanda com profissionalismo.<\/p>\n\n\n\n<ul class=\"wp-block-list\">\n<li><a href=\"https:\/\/colinacabosdemadeira.com.br\/blog\/comprar-serragem-de-pinus\/\">Comprar serragem de pinus com a Colina Cabos de Madeira<br><\/a><\/li>\n<\/ul>\n","protected":false},"excerpt":{"rendered":"<p><span class=\"span-reading-time rt-reading-time\" style=\"display: block;\"><span class=\"rt-label rt-prefix\">Tempo de leitura: <\/span> <span class=\"rt-time\"> 4<\/span> <span class=\"rt-label rt-postfix\">minutos<\/span><\/span>Saiba onde comprar bast\u00e3o de madeira para banner direto da f\u00e1brica em SP com qualidade, pre\u00e7o competitivo e entrega r\u00e1pida. Se voc\u00ea trabalha com comunica\u00e7\u00e3o visual, eventos, publicidade ou produ\u00e7\u00e3o de materiais promocionais, j\u00e1 sabe: o bast\u00e3o de madeira para banner \u00e9 um item indispens\u00e1vel.&nbsp; Ele garante sustenta\u00e7\u00e3o, est\u00e9tica e funcionalidade ao material gr\u00e1fico, especialmente &hellip; <\/p>\n","protected":false},"author":1,"featured_media":183,"comment_status":"open","ping_status":"open","sticky":false,"template":"","format":"standard","meta":{"footnotes":""},"categories":[3],"tags":[3009,3007,2995,2425,2988,3021,3024,3041,3030,3037,3036,3028,3042,3023,3040,3022,2980,3008,3032,3039,3027,3035,3031,3029,3038,3033,3034,3020,3025,2982,3026,3003,2993,2986,2998,2991,2985,2994,2996,2987,2997,2989,3012,3005,3001,3016,3017,2990,2983,3004,3014,2981,3015,3019,2984,3013,2992,3010,3000,2999,3006,3011,3018],"class_list":["post-182","post","type-post","status-publish","format-standard","has-post-thumbnail","hentry","category-cabo-de-madeira","tag-bastao-de-banner-direto-da-fabrica-vale-a-pena","tag-bastao-de-banner-precisa-ser-tratado","tag-bastao-de-madeira-com-acabamento-liso","tag-bastao-de-madeira-para-banner","tag-bastao-de-madeira-para-banner-com-furacao","tag-bastao-de-madeira-para-banner-comprar","tag-bastao-de-madeira-para-banner-direto-da-fabrica","tag-bastao-de-madeira-para-banner-em-diadema","tag-bastao-de-madeira-para-banner-em-guainases","tag-bastao-de-madeira-para-banner-em-guarulhos","tag-bastao-de-madeira-para-banner-em-itaquaquecetuba","tag-bastao-de-madeira-para-banner-em-itaquera","tag-bastao-de-madeira-para-banner-em-osasco","tag-bastao-de-madeira-para-banner-em-promocao","tag-bastao-de-madeira-para-banner-em-santo-andre","tag-bastao-de-madeira-para-banner-em-sao-paulo","tag-bastao-de-madeira-para-banner-em-sp","tag-bastao-de-madeira-para-banner-empena","tag-bastao-de-madeira-para-banner-na-cidade-lider","tag-bastao-de-madeira-para-banner-na-grande-sao-paulo","tag-bastao-de-madeira-para-banner-na-zona-leste","tag-bastao-de-madeira-para-banner-na-zona-norte","tag-bastao-de-madeira-para-banner-na-zona-oeste","tag-bastao-de-madeira-para-banner-na-zona-sul","tag-bastao-de-madeira-para-banner-no-abc","tag-bastao-de-madeira-para-banner-no-centro","tag-bastao-de-madeira-para-banner-no-itaim-paulista","tag-bastao-de-madeira-para-banner-onde-encontrar","tag-bastao-de-madeira-para-banner-perto-de-mim","tag-bastao-de-madeira-para-banner-preco","tag-bastao-de-madeira-para-banner-proximo-a-mim","tag-bastao-de-madeira-para-banner-tem-acabamento","tag-bastao-de-madeira-para-comunicacao-visual","tag-bastao-de-madeira-personalizado-para-banner","tag-bastao-de-madeira-resistente","tag-bastao-de-madeira-torneado-para-banner","tag-bastao-para-banner-em-atacado","tag-bastao-para-banner-em-sao-paulo","tag-bastao-para-banner-institucional","tag-bastao-para-banner-preco-direto-da-fabrica","tag-bastao-para-banner-promocional","tag-bastao-para-banner-publicitario","tag-como-escolher-bastao-de-madeira-para-banner","tag-como-evitar-defeitos-em-bastao-de-banner","tag-como-usar-bastao-de-madeira-em-banner","tag-distribuidor-de-bastao-de-madeira-para-banner","tag-distribuidora-de-bastao-de-madeira-para-banner","tag-fabrica-de-artefatos-de-madeira-sp","tag-fabrica-de-bastao-de-madeira-para-banner","tag-fabrica-de-bastao-para-banner-existe-em-sp","tag-fabricante-de-bastao-de-madeira-para-banner","tag-fornecedor-de-bastao-de-madeira-em-sp","tag-fornecedor-de-bastao-de-madeira-para-banner","tag-loja-de-bastao-de-madeira-para-banner","tag-onde-comprar-bastao-de-madeira-para-banner","tag-onde-comprar-bastao-de-madeira-para-banner-em-sp","tag-onde-encontrar-bastao-de-banner-em-sp","tag-onde-encontrar-bastao-para-banner-barato","tag-onde-pedir-orcamento-de-bastao-para-banner","tag-qual-a-espessura-do-bastao-de-banner","tag-qual-medida-ideal-do-bastao-para-banner","tag-qual-o-melhor-bastao-para-banner","tag-revendedor-de-bastao-de-madeira-para-banner"],"yoast_head":"<!-- This site is optimized with the Yoast SEO plugin v27.0 - https:\/\/yoast.com\/product\/yoast-seo-wordpress\/ -->\n<title>Onde comprar bast\u00e3o de madeira para banner direto da f\u00e1brica - Colina Cabos de Madeira<\/title>\n<meta name=\"description\" content=\"Saiba onde comprar bast\u00e3o de madeira para banner direto da f\u00e1brica em SP com qualidade, pre\u00e7o competitivo e entrega r\u00e1pida.\" \/>\n<meta name=\"robots\" content=\"index, follow, max-snippet:-1, max-image-preview:large, max-video-preview:-1\" \/>\n<link rel=\"canonical\" href=\"https:\/\/colinacabosdemadeira.com.br\/blog\/onde-comprar-bastao-de-madeira-para-banner-direto-da-fabrica\/\" \/>\n<meta property=\"og:locale\" content=\"pt_BR\" \/>\n<meta property=\"og:type\" content=\"article\" \/>\n<meta property=\"og:title\" content=\"Onde comprar bast\u00e3o de madeira para banner direto da f\u00e1brica - Colina Cabos de Madeira\" \/>\n<meta property=\"og:description\" content=\"Saiba onde comprar bast\u00e3o de madeira para banner direto da f\u00e1brica em SP com qualidade, pre\u00e7o competitivo e entrega r\u00e1pida.\" \/>\n<meta property=\"og:url\" content=\"https:\/\/colinacabosdemadeira.com.br\/blog\/onde-comprar-bastao-de-madeira-para-banner-direto-da-fabrica\/\" \/>\n<meta property=\"og:site_name\" content=\"Colina Cabos de Madeira\" \/>\n<meta property=\"article:published_time\" content=\"2025-09-30T17:07:35+00:00\" \/>\n<meta property=\"article:modified_time\" content=\"2025-09-30T17:12:54+00:00\" \/>\n<meta property=\"og:image\" content=\"https:\/\/colinacabosdemadeira.com.br\/blog\/wp-content\/uploads\/2025\/09\/bastao-de-madeira-para-banner.jpg\" \/>\n\t<meta property=\"og:image:width\" content=\"437\" \/>\n\t<meta property=\"og:image:height\" content=\"254\" \/>\n\t<meta property=\"og:image:type\" content=\"image\/jpeg\" \/>\n<meta name=\"author\" content=\"paula@bloomin.com.br\" \/>\n<meta name=\"twitter:card\" content=\"summary_large_image\" \/>\n<meta name=\"twitter:label1\" content=\"Escrito por\" \/>\n\t<meta name=\"twitter:data1\" content=\"paula@bloomin.com.br\" \/>\n\t<meta name=\"twitter:label2\" content=\"Est. tempo de leitura\" \/>\n\t<meta name=\"twitter:data2\" content=\"5 minutos\" \/>\n<script type=\"application\/ld+json\" class=\"yoast-schema-graph\">{\"@context\":\"https:\/\/schema.org\",\"@graph\":[{\"@type\":\"Article\",\"@id\":\"https:\/\/colinacabosdemadeira.com.br\/blog\/onde-comprar-bastao-de-madeira-para-banner-direto-da-fabrica\/#article\",\"isPartOf\":{\"@id\":\"https:\/\/colinacabosdemadeira.com.br\/blog\/onde-comprar-bastao-de-madeira-para-banner-direto-da-fabrica\/\"},\"author\":{\"name\":\"paula@bloomin.com.br\",\"@id\":\"https:\/\/colinacabosdemadeira.com.br\/blog\/#\/schema\/person\/5e151e0ea8cc67e390dd1718999048ec\"},\"headline\":\"Onde comprar bast\u00e3o de madeira para banner direto da f\u00e1brica\",\"datePublished\":\"2025-09-30T17:07:35+00:00\",\"dateModified\":\"2025-09-30T17:12:54+00:00\",\"mainEntityOfPage\":{\"@id\":\"https:\/\/colinacabosdemadeira.com.br\/blog\/onde-comprar-bastao-de-madeira-para-banner-direto-da-fabrica\/\"},\"wordCount\":824,\"commentCount\":0,\"publisher\":{\"@id\":\"https:\/\/colinacabosdemadeira.com.br\/blog\/#organization\"},\"image\":{\"@id\":\"https:\/\/colinacabosdemadeira.com.br\/blog\/onde-comprar-bastao-de-madeira-para-banner-direto-da-fabrica\/#primaryimage\"},\"thumbnailUrl\":\"https:\/\/colinacabosdemadeira.com.br\/blog\/wp-content\/uploads\/2025\/09\/bastao-de-madeira-para-banner.jpg\",\"keywords\":[\"bast\u00e3o de banner direto da f\u00e1brica vale a pena\",\"bast\u00e3o de banner precisa ser tratado\",\"bast\u00e3o de madeira com acabamento liso\",\"bast\u00e3o de madeira para banner\",\"bast\u00e3o de madeira para banner com fura\u00e7\u00e3o\",\"bast\u00e3o de madeira para banner comprar\",\"bast\u00e3o de madeira para banner direto da fabrica\",\"bast\u00e3o de madeira para banner em Diadema\",\"bast\u00e3o de madeira para banner em Guainases\",\"bast\u00e3o de madeira para banner em Guarulhos\",\"bast\u00e3o de madeira para banner em Itaquaquecetuba\",\"bast\u00e3o de madeira para banner em Itaquera\",\"bast\u00e3o de madeira para banner em Osasco\",\"bast\u00e3o de madeira para banner em promo\u00e7\u00e3o\",\"bast\u00e3o de madeira para banner em Santo Andr\u00e9\",\"bast\u00e3o de madeira para banner em s\u00e3o paulo\",\"bast\u00e3o de madeira para banner em sp\",\"bast\u00e3o de madeira para banner empena\",\"bast\u00e3o de madeira para banner na Cidade Lider\",\"bast\u00e3o de madeira para banner na Grande S\u00e3o Paulo\",\"bast\u00e3o de madeira para banner na zona leste\",\"bast\u00e3o de madeira para banner na zona norte\",\"bast\u00e3o de madeira para banner na zona oeste\",\"bast\u00e3o de madeira para banner na zona sul\",\"bast\u00e3o de madeira para banner no ABC\",\"bast\u00e3o de madeira para banner no centro\",\"bast\u00e3o de madeira para banner no Itaim Paulista\",\"bast\u00e3o de madeira para banner onde encontrar\",\"bast\u00e3o de madeira para banner perto de mim\",\"bast\u00e3o de madeira para banner pre\u00e7o\",\"bast\u00e3o de madeira para banner pr\u00f3ximo a mim\",\"bast\u00e3o de madeira para banner tem acabamento\",\"bast\u00e3o de madeira para comunica\u00e7\u00e3o visual\",\"bast\u00e3o de madeira personalizado para banner\",\"bast\u00e3o de madeira resistente\",\"bast\u00e3o de madeira torneado para banner\",\"bast\u00e3o para banner em atacado\",\"bast\u00e3o para banner em s\u00e3o paulo\",\"bast\u00e3o para banner institucional\",\"bast\u00e3o para banner pre\u00e7o direto da f\u00e1brica\",\"bast\u00e3o para banner promocional\",\"bast\u00e3o para banner publicit\u00e1rio\",\"como escolher bast\u00e3o de madeira para banner\",\"como evitar defeitos em bast\u00e3o de banner\",\"como usar bast\u00e3o de madeira em banner\",\"distribuidor de bast\u00e3o de madeira para banner\",\"distribuidora de bast\u00e3o de madeira para banner\",\"f\u00e1brica de artefatos de madeira sp\",\"f\u00e1brica de bast\u00e3o de madeira para banner\",\"f\u00e1brica de bast\u00e3o para banner existe em SP\",\"fabricante de bast\u00e3o de madeira para banner\",\"fornecedor de bast\u00e3o de madeira em sp\",\"fornecedor de bast\u00e3o de madeira para banner\",\"loja de bast\u00e3o de madeira para banner\",\"onde comprar bast\u00e3o de madeira para banner\",\"onde comprar bast\u00e3o de madeira para banner em sp\",\"onde encontrar bast\u00e3o de banner em SP\",\"onde encontrar bast\u00e3o para banner barato\",\"onde pedir or\u00e7amento de bast\u00e3o para banner\",\"qual a espessura do bast\u00e3o de banner\",\"qual medida ideal do bast\u00e3o para banner\",\"qual o melhor bast\u00e3o para banner\",\"revendedor de bast\u00e3o de madeira para banner\"],\"articleSection\":[\"Cabo de madeira\"],\"inLanguage\":\"pt-BR\",\"potentialAction\":[{\"@type\":\"CommentAction\",\"name\":\"Comment\",\"target\":[\"https:\/\/colinacabosdemadeira.com.br\/blog\/onde-comprar-bastao-de-madeira-para-banner-direto-da-fabrica\/#respond\"]}]},{\"@type\":\"WebPage\",\"@id\":\"https:\/\/colinacabosdemadeira.com.br\/blog\/onde-comprar-bastao-de-madeira-para-banner-direto-da-fabrica\/\",\"url\":\"https:\/\/colinacabosdemadeira.com.br\/blog\/onde-comprar-bastao-de-madeira-para-banner-direto-da-fabrica\/\",\"name\":\"Onde comprar bast\u00e3o de madeira para banner direto da f\u00e1brica - Colina Cabos de Madeira\",\"isPartOf\":{\"@id\":\"https:\/\/colinacabosdemadeira.com.br\/blog\/#website\"},\"primaryImageOfPage\":{\"@id\":\"https:\/\/colinacabosdemadeira.com.br\/blog\/onde-comprar-bastao-de-madeira-para-banner-direto-da-fabrica\/#primaryimage\"},\"image\":{\"@id\":\"https:\/\/colinacabosdemadeira.com.br\/blog\/onde-comprar-bastao-de-madeira-para-banner-direto-da-fabrica\/#primaryimage\"},\"thumbnailUrl\":\"https:\/\/colinacabosdemadeira.com.br\/blog\/wp-content\/uploads\/2025\/09\/bastao-de-madeira-para-banner.jpg\",\"datePublished\":\"2025-09-30T17:07:35+00:00\",\"dateModified\":\"2025-09-30T17:12:54+00:00\",\"description\":\"Saiba onde comprar bast\u00e3o de madeira para banner direto da f\u00e1brica em SP com qualidade, pre\u00e7o competitivo e entrega r\u00e1pida.\",\"breadcrumb\":{\"@id\":\"https:\/\/colinacabosdemadeira.com.br\/blog\/onde-comprar-bastao-de-madeira-para-banner-direto-da-fabrica\/#breadcrumb\"},\"inLanguage\":\"pt-BR\",\"potentialAction\":[{\"@type\":\"ReadAction\",\"target\":[\"https:\/\/colinacabosdemadeira.com.br\/blog\/onde-comprar-bastao-de-madeira-para-banner-direto-da-fabrica\/\"]}]},{\"@type\":\"ImageObject\",\"inLanguage\":\"pt-BR\",\"@id\":\"https:\/\/colinacabosdemadeira.com.br\/blog\/onde-comprar-bastao-de-madeira-para-banner-direto-da-fabrica\/#primaryimage\",\"url\":\"https:\/\/colinacabosdemadeira.com.br\/blog\/wp-content\/uploads\/2025\/09\/bastao-de-madeira-para-banner.jpg\",\"contentUrl\":\"https:\/\/colinacabosdemadeira.com.br\/blog\/wp-content\/uploads\/2025\/09\/bastao-de-madeira-para-banner.jpg\",\"width\":437,\"height\":254,\"caption\":\"Onde comprar bast\u00e3o de madeira para banner direto da f\u00e1brica\"},{\"@type\":\"BreadcrumbList\",\"@id\":\"https:\/\/colinacabosdemadeira.com.br\/blog\/onde-comprar-bastao-de-madeira-para-banner-direto-da-fabrica\/#breadcrumb\",\"itemListElement\":[{\"@type\":\"ListItem\",\"position\":1,\"name\":\"In\u00edcio\",\"item\":\"https:\/\/colinacabosdemadeira.com.br\/blog\/\"},{\"@type\":\"ListItem\",\"position\":2,\"name\":\"Onde comprar bast\u00e3o de madeira para banner direto da f\u00e1brica\"}]},{\"@type\":\"WebSite\",\"@id\":\"https:\/\/colinacabosdemadeira.com.br\/blog\/#website\",\"url\":\"https:\/\/colinacabosdemadeira.com.br\/blog\/\",\"name\":\"Colina Cabos de Madeira\",\"description\":\"Blog | Colina Cabos de Madeira\",\"publisher\":{\"@id\":\"https:\/\/colinacabosdemadeira.com.br\/blog\/#organization\"},\"potentialAction\":[{\"@type\":\"SearchAction\",\"target\":{\"@type\":\"EntryPoint\",\"urlTemplate\":\"https:\/\/colinacabosdemadeira.com.br\/blog\/?s={search_term_string}\"},\"query-input\":{\"@type\":\"PropertyValueSpecification\",\"valueRequired\":true,\"valueName\":\"search_term_string\"}}],\"inLanguage\":\"pt-BR\"},{\"@type\":\"Organization\",\"@id\":\"https:\/\/colinacabosdemadeira.com.br\/blog\/#organization\",\"name\":\"Colina Cabos de Madeira\",\"url\":\"https:\/\/colinacabosdemadeira.com.br\/blog\/\",\"logo\":{\"@type\":\"ImageObject\",\"inLanguage\":\"pt-BR\",\"@id\":\"https:\/\/colinacabosdemadeira.com.br\/blog\/#\/schema\/logo\/image\/\",\"url\":\"https:\/\/colinacabosdemadeira.com.br\/blog\/wp-content\/uploads\/2024\/05\/logo-colina.webp\",\"contentUrl\":\"https:\/\/colinacabosdemadeira.com.br\/blog\/wp-content\/uploads\/2024\/05\/logo-colina.webp\",\"width\":150,\"height\":87,\"caption\":\"Colina Cabos de Madeira\"},\"image\":{\"@id\":\"https:\/\/colinacabosdemadeira.com.br\/blog\/#\/schema\/logo\/image\/\"}},{\"@type\":\"Person\",\"@id\":\"https:\/\/colinacabosdemadeira.com.br\/blog\/#\/schema\/person\/5e151e0ea8cc67e390dd1718999048ec\",\"name\":\"paula@bloomin.com.br\",\"image\":{\"@type\":\"ImageObject\",\"inLanguage\":\"pt-BR\",\"@id\":\"https:\/\/colinacabosdemadeira.com.br\/blog\/#\/schema\/person\/image\/\",\"url\":\"https:\/\/secure.gravatar.com\/avatar\/9ef9b5e7281a226f512db63573acf4a937b91710cb7b6b89348c19c02370573d?s=96&d=mm&r=g\",\"contentUrl\":\"https:\/\/secure.gravatar.com\/avatar\/9ef9b5e7281a226f512db63573acf4a937b91710cb7b6b89348c19c02370573d?s=96&d=mm&r=g\",\"caption\":\"paula@bloomin.com.br\"},\"sameAs\":[\"https:\/\/colinacabosdemadeira.com.br\/blog\"],\"url\":\"https:\/\/colinacabosdemadeira.com.br\/blog\/author\/paulabloomin-com-br\/\"}]}<\/script>\n<!-- \/ Yoast SEO plugin. -->","yoast_head_json":{"title":"Onde comprar bast\u00e3o de madeira para banner direto da f\u00e1brica - Colina Cabos de Madeira","description":"Saiba onde comprar bast\u00e3o de madeira para banner direto da f\u00e1brica em SP com qualidade, pre\u00e7o competitivo e entrega r\u00e1pida.","robots":{"index":"index","follow":"follow","max-snippet":"max-snippet:-1","max-image-preview":"max-image-preview:large","max-video-preview":"max-video-preview:-1"},"canonical":"https:\/\/colinacabosdemadeira.com.br\/blog\/onde-comprar-bastao-de-madeira-para-banner-direto-da-fabrica\/","og_locale":"pt_BR","og_type":"article","og_title":"Onde comprar bast\u00e3o de madeira para banner direto da f\u00e1brica - Colina Cabos de Madeira","og_description":"Saiba onde comprar bast\u00e3o de madeira para banner direto da f\u00e1brica em SP com qualidade, pre\u00e7o competitivo e entrega r\u00e1pida.","og_url":"https:\/\/colinacabosdemadeira.com.br\/blog\/onde-comprar-bastao-de-madeira-para-banner-direto-da-fabrica\/","og_site_name":"Colina Cabos de Madeira","article_published_time":"2025-09-30T17:07:35+00:00","article_modified_time":"2025-09-30T17:12:54+00:00","og_image":[{"width":437,"height":254,"url":"https:\/\/colinacabosdemadeira.com.br\/blog\/wp-content\/uploads\/2025\/09\/bastao-de-madeira-para-banner.jpg","type":"image\/jpeg"}],"author":"paula@bloomin.com.br","twitter_card":"summary_large_image","twitter_misc":{"Escrito por":"paula@bloomin.com.br","Est. tempo de leitura":"5 minutos"},"schema":{"@context":"https:\/\/schema.org","@graph":[{"@type":"Article","@id":"https:\/\/colinacabosdemadeira.com.br\/blog\/onde-comprar-bastao-de-madeira-para-banner-direto-da-fabrica\/#article","isPartOf":{"@id":"https:\/\/colinacabosdemadeira.com.br\/blog\/onde-comprar-bastao-de-madeira-para-banner-direto-da-fabrica\/"},"author":{"name":"paula@bloomin.com.br","@id":"https:\/\/colinacabosdemadeira.com.br\/blog\/#\/schema\/person\/5e151e0ea8cc67e390dd1718999048ec"},"headline":"Onde comprar bast\u00e3o de madeira para banner direto da f\u00e1brica","datePublished":"2025-09-30T17:07:35+00:00","dateModified":"2025-09-30T17:12:54+00:00","mainEntityOfPage":{"@id":"https:\/\/colinacabosdemadeira.com.br\/blog\/onde-comprar-bastao-de-madeira-para-banner-direto-da-fabrica\/"},"wordCount":824,"commentCount":0,"publisher":{"@id":"https:\/\/colinacabosdemadeira.com.br\/blog\/#organization"},"image":{"@id":"https:\/\/colinacabosdemadeira.com.br\/blog\/onde-comprar-bastao-de-madeira-para-banner-direto-da-fabrica\/#primaryimage"},"thumbnailUrl":"https:\/\/colinacabosdemadeira.com.br\/blog\/wp-content\/uploads\/2025\/09\/bastao-de-madeira-para-banner.jpg","keywords":["bast\u00e3o de banner direto da f\u00e1brica vale a pena","bast\u00e3o de banner precisa ser tratado","bast\u00e3o de madeira com acabamento liso","bast\u00e3o de madeira para banner","bast\u00e3o de madeira para banner com fura\u00e7\u00e3o","bast\u00e3o de madeira para banner comprar","bast\u00e3o de madeira para banner direto da fabrica","bast\u00e3o de madeira para banner em Diadema","bast\u00e3o de madeira para banner em Guainases","bast\u00e3o de madeira para banner em Guarulhos","bast\u00e3o de madeira para banner em Itaquaquecetuba","bast\u00e3o de madeira para banner em Itaquera","bast\u00e3o de madeira para banner em Osasco","bast\u00e3o de madeira para banner em promo\u00e7\u00e3o","bast\u00e3o de madeira para banner em Santo Andr\u00e9","bast\u00e3o de madeira para banner em s\u00e3o paulo","bast\u00e3o de madeira para banner em sp","bast\u00e3o de madeira para banner empena","bast\u00e3o de madeira para banner na Cidade Lider","bast\u00e3o de madeira para banner na Grande S\u00e3o Paulo","bast\u00e3o de madeira para banner na zona leste","bast\u00e3o de madeira para banner na zona norte","bast\u00e3o de madeira para banner na zona oeste","bast\u00e3o de madeira para banner na zona sul","bast\u00e3o de madeira para banner no ABC","bast\u00e3o de madeira para banner no centro","bast\u00e3o de madeira para banner no Itaim Paulista","bast\u00e3o de madeira para banner onde encontrar","bast\u00e3o de madeira para banner perto de mim","bast\u00e3o de madeira para banner pre\u00e7o","bast\u00e3o de madeira para banner pr\u00f3ximo a mim","bast\u00e3o de madeira para banner tem acabamento","bast\u00e3o de madeira para comunica\u00e7\u00e3o visual","bast\u00e3o de madeira personalizado para banner","bast\u00e3o de madeira resistente","bast\u00e3o de madeira torneado para banner","bast\u00e3o para banner em atacado","bast\u00e3o para banner em s\u00e3o paulo","bast\u00e3o para banner institucional","bast\u00e3o para banner pre\u00e7o direto da f\u00e1brica","bast\u00e3o para banner promocional","bast\u00e3o para banner publicit\u00e1rio","como escolher bast\u00e3o de madeira para banner","como evitar defeitos em bast\u00e3o de banner","como usar bast\u00e3o de madeira em banner","distribuidor de bast\u00e3o de madeira para banner","distribuidora de bast\u00e3o de madeira para banner","f\u00e1brica de artefatos de madeira sp","f\u00e1brica de bast\u00e3o de madeira para banner","f\u00e1brica de bast\u00e3o para banner existe em SP","fabricante de bast\u00e3o de madeira para banner","fornecedor de bast\u00e3o de madeira em sp","fornecedor de bast\u00e3o de madeira para banner","loja de bast\u00e3o de madeira para banner","onde comprar bast\u00e3o de madeira para banner","onde comprar bast\u00e3o de madeira para banner em sp","onde encontrar bast\u00e3o de banner em SP","onde encontrar bast\u00e3o para banner barato","onde pedir or\u00e7amento de bast\u00e3o para banner","qual a espessura do bast\u00e3o de banner","qual medida ideal do bast\u00e3o para banner","qual o melhor bast\u00e3o para banner","revendedor de bast\u00e3o de madeira para banner"],"articleSection":["Cabo de madeira"],"inLanguage":"pt-BR","potentialAction":[{"@type":"CommentAction","name":"Comment","target":["https:\/\/colinacabosdemadeira.com.br\/blog\/onde-comprar-bastao-de-madeira-para-banner-direto-da-fabrica\/#respond"]}]},{"@type":"WebPage","@id":"https:\/\/colinacabosdemadeira.com.br\/blog\/onde-comprar-bastao-de-madeira-para-banner-direto-da-fabrica\/","url":"https:\/\/colinacabosdemadeira.com.br\/blog\/onde-comprar-bastao-de-madeira-para-banner-direto-da-fabrica\/","name":"Onde comprar bast\u00e3o de madeira para banner direto da f\u00e1brica - Colina Cabos de Madeira","isPartOf":{"@id":"https:\/\/colinacabosdemadeira.com.br\/blog\/#website"},"primaryImageOfPage":{"@id":"https:\/\/colinacabosdemadeira.com.br\/blog\/onde-comprar-bastao-de-madeira-para-banner-direto-da-fabrica\/#primaryimage"},"image":{"@id":"https:\/\/colinacabosdemadeira.com.br\/blog\/onde-comprar-bastao-de-madeira-para-banner-direto-da-fabrica\/#primaryimage"},"thumbnailUrl":"https:\/\/colinacabosdemadeira.com.br\/blog\/wp-content\/uploads\/2025\/09\/bastao-de-madeira-para-banner.jpg","datePublished":"2025-09-30T17:07:35+00:00","dateModified":"2025-09-30T17:12:54+00:00","description":"Saiba onde comprar bast\u00e3o de madeira para banner direto da f\u00e1brica em SP com qualidade, pre\u00e7o competitivo e entrega r\u00e1pida.","breadcrumb":{"@id":"https:\/\/colinacabosdemadeira.com.br\/blog\/onde-comprar-bastao-de-madeira-para-banner-direto-da-fabrica\/#breadcrumb"},"inLanguage":"pt-BR","potentialAction":[{"@type":"ReadAction","target":["https:\/\/colinacabosdemadeira.com.br\/blog\/onde-comprar-bastao-de-madeira-para-banner-direto-da-fabrica\/"]}]},{"@type":"ImageObject","inLanguage":"pt-BR","@id":"https:\/\/colinacabosdemadeira.com.br\/blog\/onde-comprar-bastao-de-madeira-para-banner-direto-da-fabrica\/#primaryimage","url":"https:\/\/colinacabosdemadeira.com.br\/blog\/wp-content\/uploads\/2025\/09\/bastao-de-madeira-para-banner.jpg","contentUrl":"https:\/\/colinacabosdemadeira.com.br\/blog\/wp-content\/uploads\/2025\/09\/bastao-de-madeira-para-banner.jpg","width":437,"height":254,"caption":"Onde comprar bast\u00e3o de madeira para banner direto da f\u00e1brica"},{"@type":"BreadcrumbList","@id":"https:\/\/colinacabosdemadeira.com.br\/blog\/onde-comprar-bastao-de-madeira-para-banner-direto-da-fabrica\/#breadcrumb","itemListElement":[{"@type":"ListItem","position":1,"name":"In\u00edcio","item":"https:\/\/colinacabosdemadeira.com.br\/blog\/"},{"@type":"ListItem","position":2,"name":"Onde comprar bast\u00e3o de madeira para banner direto da f\u00e1brica"}]},{"@type":"WebSite","@id":"https:\/\/colinacabosdemadeira.com.br\/blog\/#website","url":"https:\/\/colinacabosdemadeira.com.br\/blog\/","name":"Colina Cabos de Madeira","description":"Blog | Colina Cabos de Madeira","publisher":{"@id":"https:\/\/colinacabosdemadeira.com.br\/blog\/#organization"},"potentialAction":[{"@type":"SearchAction","target":{"@type":"EntryPoint","urlTemplate":"https:\/\/colinacabosdemadeira.com.br\/blog\/?s={search_term_string}"},"query-input":{"@type":"PropertyValueSpecification","valueRequired":true,"valueName":"search_term_string"}}],"inLanguage":"pt-BR"},{"@type":"Organization","@id":"https:\/\/colinacabosdemadeira.com.br\/blog\/#organization","name":"Colina Cabos de Madeira","url":"https:\/\/colinacabosdemadeira.com.br\/blog\/","logo":{"@type":"ImageObject","inLanguage":"pt-BR","@id":"https:\/\/colinacabosdemadeira.com.br\/blog\/#\/schema\/logo\/image\/","url":"https:\/\/colinacabosdemadeira.com.br\/blog\/wp-content\/uploads\/2024\/05\/logo-colina.webp","contentUrl":"https:\/\/colinacabosdemadeira.com.br\/blog\/wp-content\/uploads\/2024\/05\/logo-colina.webp","width":150,"height":87,"caption":"Colina Cabos de Madeira"},"image":{"@id":"https:\/\/colinacabosdemadeira.com.br\/blog\/#\/schema\/logo\/image\/"}},{"@type":"Person","@id":"https:\/\/colinacabosdemadeira.com.br\/blog\/#\/schema\/person\/5e151e0ea8cc67e390dd1718999048ec","name":"paula@bloomin.com.br","image":{"@type":"ImageObject","inLanguage":"pt-BR","@id":"https:\/\/colinacabosdemadeira.com.br\/blog\/#\/schema\/person\/image\/","url":"https:\/\/secure.gravatar.com\/avatar\/9ef9b5e7281a226f512db63573acf4a937b91710cb7b6b89348c19c02370573d?s=96&d=mm&r=g","contentUrl":"https:\/\/secure.gravatar.com\/avatar\/9ef9b5e7281a226f512db63573acf4a937b91710cb7b6b89348c19c02370573d?s=96&d=mm&r=g","caption":"paula@bloomin.com.br"},"sameAs":["https:\/\/colinacabosdemadeira.com.br\/blog"],"url":"https:\/\/colinacabosdemadeira.com.br\/blog\/author\/paulabloomin-com-br\/"}]}},"_links":{"self":[{"href":"https:\/\/colinacabosdemadeira.com.br\/blog\/wp-json\/wp\/v2\/posts\/182","targetHints":{"allow":["GET"]}}],"collection":[{"href":"https:\/\/colinacabosdemadeira.com.br\/blog\/wp-json\/wp\/v2\/posts"}],"about":[{"href":"https:\/\/colinacabosdemadeira.com.br\/blog\/wp-json\/wp\/v2\/types\/post"}],"author":[{"embeddable":true,"href":"https:\/\/colinacabosdemadeira.com.br\/blog\/wp-json\/wp\/v2\/users\/1"}],"replies":[{"embeddable":true,"href":"https:\/\/colinacabosdemadeira.com.br\/blog\/wp-json\/wp\/v2\/comments?post=182"}],"version-history":[{"count":1,"href":"https:\/\/colinacabosdemadeira.com.br\/blog\/wp-json\/wp\/v2\/posts\/182\/revisions"}],"predecessor-version":[{"id":184,"href":"https:\/\/colinacabosdemadeira.com.br\/blog\/wp-json\/wp\/v2\/posts\/182\/revisions\/184"}],"wp:featuredmedia":[{"embeddable":true,"href":"https:\/\/colinacabosdemadeira.com.br\/blog\/wp-json\/wp\/v2\/media\/183"}],"wp:attachment":[{"href":"https:\/\/colinacabosdemadeira.com.br\/blog\/wp-json\/wp\/v2\/media?parent=182"}],"wp:term":[{"taxonomy":"category","embeddable":true,"href":"https:\/\/colinacabosdemadeira.com.br\/blog\/wp-json\/wp\/v2\/categories?post=182"},{"taxonomy":"post_tag","embeddable":true,"href":"https:\/\/colinacabosdemadeira.com.br\/blog\/wp-json\/wp\/v2\/tags?post=182"}],"curies":[{"name":"wp","href":"https:\/\/api.w.org\/{rel}","templated":true}]}}