{"id":111,"date":"2025-02-17T09:20:03","date_gmt":"2025-02-17T12:20:03","guid":{"rendered":"https:\/\/colinacabosdemadeira.com.br\/blog\/?p=111"},"modified":"2025-08-04T08:41:25","modified_gmt":"2025-08-04T11:41:25","slug":"escolha-o-cabo-para-desempenadeira-certo-e-evite-erros-no-reboco","status":"publish","type":"post","link":"https:\/\/colinacabosdemadeira.com.br\/blog\/escolha-o-cabo-para-desempenadeira-certo-e-evite-erros-no-reboco\/","title":{"rendered":"Escolha o cabo para desempenadeira certo e evite erros no reboco!"},"content":{"rendered":"<span class=\"span-reading-time rt-reading-time\" style=\"display: block;\"><span class=\"rt-label rt-prefix\">Tempo de leitura: <\/span> <span class=\"rt-time\"> 4<\/span> <span class=\"rt-label rt-postfix\">minutos<\/span><\/span>\n<p class=\"has-medium-font-size\"><strong><em>Escolher o cabo para desempenadeira correto faz toda a diferen\u00e7a no acabamento do reboco. Veja como evitar erros e garantir mais produtividade no trabalho!<\/em><\/strong><\/p>\n\n\n\n<p>O acabamento de uma obra depende diretamente da qualidade das ferramentas utilizadas. Entre elas, a desempenadeira tem um papel essencial no reboco, e um detalhe que muitos ignoram \u00e9 a escolha do cabo.<\/p>\n\n\n\n<p>Um cabo inadequado pode comprometer a precis\u00e3o, causar desconforto e at\u00e9 reduzir a durabilidade da ferramenta. Por isso, entender qual o melhor modelo faz toda a diferen\u00e7a para obter um acabamento impec\u00e1vel e evitar preju\u00edzos.<\/p>\n\n\n\n<p>Se voc\u00ea deseja mais efici\u00eancia no seu trabalho, continue lendo e descubra como escolher o cabo para desempenadeira certo e evitar erros no reboco!<\/p>\n\n\n\n<ul class=\"wp-block-list\">\n<li><a href=\"https:\/\/colinacabosdemadeira.com.br\/blog\/cabo-para-colher-de-pedreiro-qual-o-melhor-custo-beneficio\/\" target=\"_blank\" rel=\"noreferrer noopener\">Cabo para colher de pedreiro: qual o melhor custo-benef\u00edcio?<\/a><\/li>\n<\/ul>\n\n\n\n<h2 class=\"wp-block-heading\">A import\u00e2ncia do cabo certo para um acabamento impec\u00e1vel<\/h2>\n\n\n\n<p>O cabo da desempenadeira influencia diretamente o controle da ferramenta e o conforto do profissional. Uma pegada firme e ergon\u00f4mica permite distribuir a press\u00e3o de forma equilibrada, evitando que o reboco fique irregular.<\/p>\n\n\n\n<p>Quando o cabo n\u00e3o oferece uma boa ader\u00eancia, o profissional precisa fazer mais for\u00e7a, o que gera cansa\u00e7o e pode at\u00e9 causar les\u00f5es. Al\u00e9m disso, materiais de baixa qualidade tendem a desgastar rapidamente, comprometendo a precis\u00e3o do trabalho e aumentando os custos com substitui\u00e7\u00f5es frequentes.<\/p>\n\n\n\n<p>Um cabo de madeira para desempenadeira, por exemplo, proporciona um toque mais natural e resistente, sendo uma excelente escolha para quem busca durabilidade e conforto. Escolher a ferramenta certa \u00e9 um investimento na qualidade do servi\u00e7o e na produtividade da equipe.<\/p>\n\n\n\n<ul class=\"wp-block-list\">\n<li><a href=\"https:\/\/colinacabosdemadeira.com.br\/blog\/cabo-de-madeira-para-espatula-resistencia-e-qualidade-para-os-mais-diversos-tipos-de-espatulas\/\" target=\"_blank\" rel=\"noreferrer noopener\">Cabo de madeira para esp\u00e1tula: resist\u00eancia e qualidade para os mais diversos tipos de esp\u00e1tulas<\/a><\/li>\n<\/ul>\n\n\n\n<h2 class=\"wp-block-heading\">Tipos de cabos para desempenadeira: qual escolher?<\/h2>\n\n\n\n<p>Os cabos para desempenadeira variam em material, formato e resist\u00eancia. Cada modelo tem caracter\u00edsticas espec\u00edficas que influenciam no desempenho da ferramenta. Veja os principais tipos dispon\u00edveis no mercado:<\/p>\n\n\n\n<ul class=\"wp-block-list\">\n<li><strong>Cabo de madeira:<\/strong> leve, resistente e confort\u00e1vel ao toque, a madeira \u00e9 uma excelente escolha para quem busca um material dur\u00e1vel e ergon\u00f4mico. Um bom cabo de madeira para desempenadeira evita suor excessivo nas m\u00e3os, garantindo mais seguran\u00e7a durante o uso.<\/li>\n\n\n\n<li><strong>Cabo de pl\u00e1stico:<\/strong> popular por ser mais acess\u00edvel, o pl\u00e1stico tem boa durabilidade, mas pode ser menos confort\u00e1vel para trabalhos prolongados. Dependendo da qualidade, pode escorregar nas m\u00e3os, exigindo mais esfor\u00e7o para segurar.<\/li>\n\n\n\n<li><strong>Cabo de borracha:<\/strong> oferece uma pegada macia e antiderrapante, sendo uma op\u00e7\u00e3o interessante para quem precisa de maior ader\u00eancia. No entanto, pode ter menor vida \u00fatil, especialmente em ambientes muito \u00famidos.<\/li>\n<\/ul>\n\n\n\n<p>Ao escolher o cabo ideal, leve em conta a frequ\u00eancia de uso e as condi\u00e7\u00f5es do ambiente de trabalho. Modelos ergon\u00f4micos e resistentes garantem mais conforto e precis\u00e3o no acabamento.<\/p>\n\n\n\n<h2 class=\"wp-block-heading\">Os erros mais comuns ao escolher um cabo para desempenadeira<\/h2>\n\n\n\n<p>Muitos profissionais acabam cometendo erros ao escolher um cabo para desempenadeira, o que compromete o rendimento e o acabamento do reboco. Um dos equ\u00edvocos mais frequentes \u00e9 <strong>optar por cabos de baixa qualidade<\/strong>, que se desgastam rapidamente e prejudicam a firmeza da ferramenta.<\/p>\n\n\n\n<p>Outro erro comum \u00e9 <strong>n\u00e3o considerar a ergonomia do cabo<\/strong>. Modelos muito finos ou muito grossos podem causar desconforto e dificultar o controle da desempenadeira, aumentando o esfor\u00e7o necess\u00e1rio para espalhar o material de forma uniforme.<\/p>\n\n\n\n<p><strong>A escolha do material tamb\u00e9m \u00e9 um fator decisivo<\/strong>. Alguns profissionais optam por cabos de pl\u00e1stico, acreditando que s\u00e3o mais dur\u00e1veis, mas acabam enfrentando problemas de ader\u00eancia, principalmente em dias quentes, quando as m\u00e3os ficam mais suadas.<\/p>\n\n\n\n<p>Para evitar essas falhas, \u00e9 essencial testar o cabo antes da compra e avaliar a resist\u00eancia, a ader\u00eancia e o conforto oferecido. Uma escolha errada pode gerar desconforto e comprometer a qualidade final do servi\u00e7o.<\/p>\n\n\n\n<h2 class=\"wp-block-heading\">Dicas para aumentar a durabilidade do cabo e melhorar a produtividade<\/h2>\n\n\n\n<p>A manuten\u00e7\u00e3o adequada do cabo para desempenadeira pode prolongar sua vida \u00fatil e garantir mais efici\u00eancia no trabalho. Um cuidado essencial \u00e9 a <strong>limpeza frequente<\/strong> da ferramenta, removendo res\u00edduos de argamassa ou gesso que podem desgastar o material.<\/p>\n\n\n\n<p>O <strong>armazenamento<\/strong> tamb\u00e9m faz diferen\u00e7a. Guardar a desempenadeira em locais secos e arejados evita que o cabo de madeira absorva umidade, o que poderia comprometer sua resist\u00eancia. Quando poss\u00edvel, <strong>pendure a ferramenta ou utilize suportes<\/strong> para evitar contato direto com superf\u00edcies \u00famidas.<\/p>\n\n\n\n<p>Outro ponto importante \u00e9 <strong>escolher modelos com acabamento liso e sem farpas<\/strong>. Isso evita desconforto durante o uso e reduz a necessidade de trocas constantes. Para quem busca durabilidade e ergonomia, um bom cabo de madeira para desempenadeira \u00e9 sempre uma excelente op\u00e7\u00e3o.<\/p>\n\n\n\n<p>Com os cuidados certos, a ferramenta se mant\u00e9m em bom estado por mais tempo, reduzindo custos com substitui\u00e7\u00f5es e aumentando a produtividade no dia a dia.<\/p>\n\n\n\n<h1 class=\"wp-block-heading\">Encontre o cabo ideal na Colina Cabos de Madeira<\/h1>\n\n\n\n<p>A <strong><em><a href=\"https:\/\/colinacabosdemadeira.com.br\/\" target=\"_blank\" rel=\"noreferrer noopener\">Colina Cabos de Madeira<\/a><\/em><\/strong> \u00e9 uma empresa brasileira que se destaca pela qualidade e tradi\u00e7\u00e3o na produ\u00e7\u00e3o de artefatos de madeira. Com uma ampla distribui\u00e7\u00e3o no Brasil, oferece cabos resistentes e ergon\u00f4micos, ideais para desempenadeiras e outras ferramentas.<\/p>\n\n\n\n<p>Se voc\u00ea busca um cabo para desempenadeira em Itaquera ou em qualquer outra regi\u00e3o, a <em>Colina<\/em> tem as melhores op\u00e7\u00f5es para garantir mais conforto e precis\u00e3o no seu trabalho. Com produtos personalizados e de alto padr\u00e3o, a empresa se tornou refer\u00eancia no setor.<\/p>\n\n\n\n<p>A escolha de um cabo de qualidade impacta diretamente no resultado final do reboco. Invista em uma ferramenta dur\u00e1vel e eficiente para melhorar sua produtividade e obter acabamentos impec\u00e1veis!<\/p>\n\n\n\n<h2 class=\"wp-block-heading\">O cabo certo faz toda a diferen\u00e7a!<\/h2>\n\n\n\n<p>Escolher o cabo para desempenadeira correto \u00e9 fundamental para evitar erros no reboco e garantir um acabamento profissional. Optar por um material resistente e confort\u00e1vel reduz o esfor\u00e7o f\u00edsico e melhora a produtividade no canteiro de obras.<\/p>\n\n\n\n<p>Os modelos de madeira se destacam pela durabilidade e ergonomia, proporcionando mais controle sobre a ferramenta. Al\u00e9m disso, manter a desempenadeira limpa e bem armazenada aumenta sua vida \u00fatil e evita gastos desnecess\u00e1rios.<\/p>\n\n\n\n<p><strong>Quer mais qualidade no seu trabalho? <a href=\"https:\/\/colinacabosdemadeira.com.br\/contato\" target=\"_blank\" rel=\"noreferrer noopener\">Conhe\u00e7a<\/a> os cabos da <em>Colina Cabos de Madeira<\/em> e escolha o melhor para sua desempenadeira!<\/strong><\/p>\n","protected":false},"excerpt":{"rendered":"<p><span class=\"span-reading-time rt-reading-time\" style=\"display: block;\"><span class=\"rt-label rt-prefix\">Tempo de leitura: <\/span> <span class=\"rt-time\"> 4<\/span> <span class=\"rt-label rt-postfix\">minutos<\/span><\/span>Escolher o cabo para desempenadeira correto faz toda a diferen\u00e7a no acabamento do reboco. Veja como evitar erros e garantir mais produtividade no trabalho! O acabamento de uma obra depende diretamente da qualidade das ferramentas utilizadas. Entre elas, a desempenadeira tem um papel essencial no reboco, e um detalhe que muitos ignoram \u00e9 a escolha &hellip; <\/p>\n","protected":false},"author":1,"featured_media":112,"comment_status":"open","ping_status":"open","sticky":false,"template":"","format":"standard","meta":{"footnotes":""},"categories":[725],"tags":[2124,2102,2127,2104,2099,2103,2138,2130,2000,2132,2113,2119,2131,2137,2115,2116,2105,2143,2108,2111,2139,2120,2121,2110,2128,2141,2107,2114,2118,2122,2134,2144,2125,2145,2133,2101,2146,2126,2112,2135,2142,2140,2123,2129,2109,2117,2100,2106,2136],"class_list":["post-111","post","type-post","status-publish","format-standard","has-post-thumbnail","hentry","category-cabo-para-desempenadeira","tag-cabo-de-madeira-e-melhor-para-rebocar","tag-cabo-de-madeira-ou-plastico-desempenadeira","tag-cabo-de-plastico-e-resistente-para-desempenadeira","tag-cabo-ergonomico-desempenadeira","tag-cabo-para-desempenadeira","tag-como-escolher-cabo-de-desempenadeira","tag-como-escolher-ferramentas-certas-para-reboco","tag-como-evitar-erros-ao-escolher-desempenadeira","tag-como-identificar-cabo-de-ma-qualidade","tag-como-o-cabo-interfere-no-reboco","tag-conforto-ao-usar-desempenadeira","tag-custo-beneficio-desempenadeira","tag-desempenadeira-com-cabo-confortavel-existe","tag-desempenadeira-com-cabo-removivel-vale-a-pena","tag-desempenadeira-de-madeira","tag-desempenadeira-de-plastico","tag-desempenadeira-ideal-para-reboco","tag-desempenho-da-ferramenta-muda-com-o-cabo","tag-desempenho-no-reboco-com-cabo-certo","tag-dicas-para-escolher-cabo-de-desempenadeira","tag-diferenca-entre-cabo-de-madeira-e-borracha","tag-durabilidade-do-cabo-da-desempenadeira","tag-erro-ao-escolher-cabo","tag-erro-comum-no-uso-da-desempenadeira","tag-existe-cabo-ergonomico-para-desempenadeira","tag-existe-norma-para-cabo-de-desempenadeira","tag-ferramenta-para-reboco-eficiente","tag-ferramentas-para-reboco-profissional","tag-influencia-do-cabo-na-qualidade-do-reboco","tag-melhor-ferramenta-para-reboco","tag-o-cabo-influencia-no-cansaco-do-pedreiro","tag-o-cabo-interfere-no-alinhamento-da-massa","tag-o-que-influencia-a-escolha-do-cabo","tag-onde-comprar-desempenadeira-com-bom-cabo","tag-qual-cabo-oferece-melhor-controle","tag-qual-cabo-usar-no-reboco","tag-qual-desempenadeira-da-menos-fadiga","tag-qual-desempenadeira-usar-para-reboco-fino","tag-qual-melhor-material-de-cabo","tag-qual-o-cabo-mais-usado-por-profissionais","tag-qual-o-erro-mais-comum-na-escolha-do-cabo","tag-qual-o-impacto-do-cabo-no-acabamento-final","tag-qual-o-melhor-cabo-para-desempenadeira","tag-qual-o-tipo-de-cabo-mais-duravel","tag-reboco-com-desempenadeira-certa","tag-seguranca-ao-rebocar-parede","tag-tipo-de-cabo-para-desempenadeira","tag-tipos-de-cabo-para-ferramenta-de-reboco","tag-vale-a-pena-investir-em-cabo-ergonomico"],"yoast_head":"<!-- This site is optimized with the Yoast SEO plugin v27.0 - https:\/\/yoast.com\/product\/yoast-seo-wordpress\/ -->\n<title>Escolha o cabo para desempenadeira certo e evite erros no reboco! - Colina Cabos de Madeira<\/title>\n<meta name=\"description\" content=\"Escolher o cabo para desempenadeira correto faz toda a diferen\u00e7a no acabamento do reboco. Veja como evitar erros e garantir mais produtividade no trabalho!\" \/>\n<meta name=\"robots\" content=\"index, follow, max-snippet:-1, max-image-preview:large, max-video-preview:-1\" \/>\n<link rel=\"canonical\" href=\"https:\/\/colinacabosdemadeira.com.br\/blog\/escolha-o-cabo-para-desempenadeira-certo-e-evite-erros-no-reboco\/\" \/>\n<meta property=\"og:locale\" content=\"pt_BR\" \/>\n<meta property=\"og:type\" content=\"article\" \/>\n<meta property=\"og:title\" content=\"Escolha o cabo para desempenadeira certo e evite erros no reboco! - Colina Cabos de Madeira\" \/>\n<meta property=\"og:description\" content=\"Escolher o cabo para desempenadeira correto faz toda a diferen\u00e7a no acabamento do reboco. Veja como evitar erros e garantir mais produtividade no trabalho!\" \/>\n<meta property=\"og:url\" content=\"https:\/\/colinacabosdemadeira.com.br\/blog\/escolha-o-cabo-para-desempenadeira-certo-e-evite-erros-no-reboco\/\" \/>\n<meta property=\"og:site_name\" content=\"Colina Cabos de Madeira\" \/>\n<meta property=\"article:published_time\" content=\"2025-02-17T12:20:03+00:00\" \/>\n<meta property=\"article:modified_time\" content=\"2025-08-04T11:41:25+00:00\" \/>\n<meta property=\"og:image\" content=\"https:\/\/colinacabosdemadeira.com.br\/blog\/wp-content\/uploads\/2025\/02\/cabos-para-desempenadeira.webp\" \/>\n\t<meta property=\"og:image:width\" content=\"437\" \/>\n\t<meta property=\"og:image:height\" content=\"254\" \/>\n\t<meta property=\"og:image:type\" content=\"image\/webp\" \/>\n<meta name=\"author\" content=\"paula@bloomin.com.br\" \/>\n<meta name=\"twitter:card\" content=\"summary_large_image\" \/>\n<meta name=\"twitter:label1\" content=\"Escrito por\" \/>\n\t<meta name=\"twitter:data1\" content=\"paula@bloomin.com.br\" \/>\n\t<meta name=\"twitter:label2\" content=\"Est. tempo de leitura\" \/>\n\t<meta name=\"twitter:data2\" content=\"6 minutos\" \/>\n<script type=\"application\/ld+json\" class=\"yoast-schema-graph\">{\"@context\":\"https:\/\/schema.org\",\"@graph\":[{\"@type\":\"Article\",\"@id\":\"https:\/\/colinacabosdemadeira.com.br\/blog\/escolha-o-cabo-para-desempenadeira-certo-e-evite-erros-no-reboco\/#article\",\"isPartOf\":{\"@id\":\"https:\/\/colinacabosdemadeira.com.br\/blog\/escolha-o-cabo-para-desempenadeira-certo-e-evite-erros-no-reboco\/\"},\"author\":{\"name\":\"paula@bloomin.com.br\",\"@id\":\"https:\/\/colinacabosdemadeira.com.br\/blog\/#\/schema\/person\/5e151e0ea8cc67e390dd1718999048ec\"},\"headline\":\"Escolha o cabo para desempenadeira certo e evite erros no reboco!\",\"datePublished\":\"2025-02-17T12:20:03+00:00\",\"dateModified\":\"2025-08-04T11:41:25+00:00\",\"mainEntityOfPage\":{\"@id\":\"https:\/\/colinacabosdemadeira.com.br\/blog\/escolha-o-cabo-para-desempenadeira-certo-e-evite-erros-no-reboco\/\"},\"wordCount\":1062,\"commentCount\":0,\"publisher\":{\"@id\":\"https:\/\/colinacabosdemadeira.com.br\/blog\/#organization\"},\"image\":{\"@id\":\"https:\/\/colinacabosdemadeira.com.br\/blog\/escolha-o-cabo-para-desempenadeira-certo-e-evite-erros-no-reboco\/#primaryimage\"},\"thumbnailUrl\":\"https:\/\/colinacabosdemadeira.com.br\/blog\/wp-content\/uploads\/2025\/02\/cabos-para-desempenadeira.webp\",\"keywords\":[\"cabo de madeira \u00e9 melhor para rebocar?\",\"cabo de madeira ou pl\u00e1stico desempenadeira\",\"cabo de pl\u00e1stico \u00e9 resistente para desempenadeira?\",\"cabo ergon\u00f4mico desempenadeira\",\"cabo para desempenadeira\",\"como escolher cabo de desempenadeira\",\"como escolher ferramentas certas para reboco?\",\"como evitar erros ao escolher desempenadeira?\",\"como identificar cabo de m\u00e1 qualidade?\",\"como o cabo interfere no reboco?\",\"conforto ao usar desempenadeira\",\"custo-benef\u00edcio desempenadeira\",\"desempenadeira com cabo confort\u00e1vel existe?\",\"desempenadeira com cabo remov\u00edvel vale a pena?\",\"desempenadeira de madeira\",\"desempenadeira de pl\u00e1stico\",\"desempenadeira ideal para reboco\",\"desempenho da ferramenta muda com o cabo?\",\"desempenho no reboco com cabo certo\",\"dicas para escolher cabo de desempenadeira\",\"diferen\u00e7a entre cabo de madeira e borracha?\",\"durabilidade do cabo da desempenadeira\",\"erro ao escolher cabo\",\"erro comum no uso da desempenadeira\",\"existe cabo ergon\u00f4mico para desempenadeira?\",\"existe norma para cabo de desempenadeira?\",\"ferramenta para reboco eficiente\",\"ferramentas para reboco profissional\",\"influ\u00eancia do cabo na qualidade do reboco\",\"melhor ferramenta para reboco\",\"o cabo influencia no cansa\u00e7o do pedreiro?\",\"o cabo interfere no alinhamento da massa?\",\"o que influencia a escolha do cabo?\",\"onde comprar desempenadeira com bom cabo?\",\"qual cabo oferece melhor controle?\",\"qual cabo usar no reboco\",\"qual desempenadeira d\u00e1 menos fadiga?\",\"qual desempenadeira usar para reboco fino?\",\"qual melhor material de cabo\",\"qual o cabo mais usado por profissionais?\",\"qual o erro mais comum na escolha do cabo?\",\"qual o impacto do cabo no acabamento final?\",\"qual o melhor cabo para desempenadeira?\",\"qual o tipo de cabo mais dur\u00e1vel?\",\"reboco com desempenadeira certa\",\"seguran\u00e7a ao rebocar parede\",\"tipo de cabo para desempenadeira\",\"tipos de cabo para ferramenta de reboco\",\"vale a pena investir em cabo ergon\u00f4mico?\"],\"articleSection\":[\"Cabo para desempenadeira\"],\"inLanguage\":\"pt-BR\",\"potentialAction\":[{\"@type\":\"CommentAction\",\"name\":\"Comment\",\"target\":[\"https:\/\/colinacabosdemadeira.com.br\/blog\/escolha-o-cabo-para-desempenadeira-certo-e-evite-erros-no-reboco\/#respond\"]}]},{\"@type\":\"WebPage\",\"@id\":\"https:\/\/colinacabosdemadeira.com.br\/blog\/escolha-o-cabo-para-desempenadeira-certo-e-evite-erros-no-reboco\/\",\"url\":\"https:\/\/colinacabosdemadeira.com.br\/blog\/escolha-o-cabo-para-desempenadeira-certo-e-evite-erros-no-reboco\/\",\"name\":\"Escolha o cabo para desempenadeira certo e evite erros no reboco! - Colina Cabos de Madeira\",\"isPartOf\":{\"@id\":\"https:\/\/colinacabosdemadeira.com.br\/blog\/#website\"},\"primaryImageOfPage\":{\"@id\":\"https:\/\/colinacabosdemadeira.com.br\/blog\/escolha-o-cabo-para-desempenadeira-certo-e-evite-erros-no-reboco\/#primaryimage\"},\"image\":{\"@id\":\"https:\/\/colinacabosdemadeira.com.br\/blog\/escolha-o-cabo-para-desempenadeira-certo-e-evite-erros-no-reboco\/#primaryimage\"},\"thumbnailUrl\":\"https:\/\/colinacabosdemadeira.com.br\/blog\/wp-content\/uploads\/2025\/02\/cabos-para-desempenadeira.webp\",\"datePublished\":\"2025-02-17T12:20:03+00:00\",\"dateModified\":\"2025-08-04T11:41:25+00:00\",\"description\":\"Escolher o cabo para desempenadeira correto faz toda a diferen\u00e7a no acabamento do reboco. Veja como evitar erros e garantir mais produtividade no trabalho!\",\"breadcrumb\":{\"@id\":\"https:\/\/colinacabosdemadeira.com.br\/blog\/escolha-o-cabo-para-desempenadeira-certo-e-evite-erros-no-reboco\/#breadcrumb\"},\"inLanguage\":\"pt-BR\",\"potentialAction\":[{\"@type\":\"ReadAction\",\"target\":[\"https:\/\/colinacabosdemadeira.com.br\/blog\/escolha-o-cabo-para-desempenadeira-certo-e-evite-erros-no-reboco\/\"]}]},{\"@type\":\"ImageObject\",\"inLanguage\":\"pt-BR\",\"@id\":\"https:\/\/colinacabosdemadeira.com.br\/blog\/escolha-o-cabo-para-desempenadeira-certo-e-evite-erros-no-reboco\/#primaryimage\",\"url\":\"https:\/\/colinacabosdemadeira.com.br\/blog\/wp-content\/uploads\/2025\/02\/cabos-para-desempenadeira.webp\",\"contentUrl\":\"https:\/\/colinacabosdemadeira.com.br\/blog\/wp-content\/uploads\/2025\/02\/cabos-para-desempenadeira.webp\",\"width\":437,\"height\":254,\"caption\":\"Escolha o cabo para desempenadeira certo e evite erros no reboco!\"},{\"@type\":\"BreadcrumbList\",\"@id\":\"https:\/\/colinacabosdemadeira.com.br\/blog\/escolha-o-cabo-para-desempenadeira-certo-e-evite-erros-no-reboco\/#breadcrumb\",\"itemListElement\":[{\"@type\":\"ListItem\",\"position\":1,\"name\":\"In\u00edcio\",\"item\":\"https:\/\/colinacabosdemadeira.com.br\/blog\/\"},{\"@type\":\"ListItem\",\"position\":2,\"name\":\"Escolha o cabo para desempenadeira certo e evite erros no reboco!\"}]},{\"@type\":\"WebSite\",\"@id\":\"https:\/\/colinacabosdemadeira.com.br\/blog\/#website\",\"url\":\"https:\/\/colinacabosdemadeira.com.br\/blog\/\",\"name\":\"Colina Cabos de Madeira\",\"description\":\"Blog | Colina Cabos de Madeira\",\"publisher\":{\"@id\":\"https:\/\/colinacabosdemadeira.com.br\/blog\/#organization\"},\"potentialAction\":[{\"@type\":\"SearchAction\",\"target\":{\"@type\":\"EntryPoint\",\"urlTemplate\":\"https:\/\/colinacabosdemadeira.com.br\/blog\/?s={search_term_string}\"},\"query-input\":{\"@type\":\"PropertyValueSpecification\",\"valueRequired\":true,\"valueName\":\"search_term_string\"}}],\"inLanguage\":\"pt-BR\"},{\"@type\":\"Organization\",\"@id\":\"https:\/\/colinacabosdemadeira.com.br\/blog\/#organization\",\"name\":\"Colina Cabos de Madeira\",\"url\":\"https:\/\/colinacabosdemadeira.com.br\/blog\/\",\"logo\":{\"@type\":\"ImageObject\",\"inLanguage\":\"pt-BR\",\"@id\":\"https:\/\/colinacabosdemadeira.com.br\/blog\/#\/schema\/logo\/image\/\",\"url\":\"https:\/\/colinacabosdemadeira.com.br\/blog\/wp-content\/uploads\/2024\/05\/logo-colina.webp\",\"contentUrl\":\"https:\/\/colinacabosdemadeira.com.br\/blog\/wp-content\/uploads\/2024\/05\/logo-colina.webp\",\"width\":150,\"height\":87,\"caption\":\"Colina Cabos de Madeira\"},\"image\":{\"@id\":\"https:\/\/colinacabosdemadeira.com.br\/blog\/#\/schema\/logo\/image\/\"}},{\"@type\":\"Person\",\"@id\":\"https:\/\/colinacabosdemadeira.com.br\/blog\/#\/schema\/person\/5e151e0ea8cc67e390dd1718999048ec\",\"name\":\"paula@bloomin.com.br\",\"image\":{\"@type\":\"ImageObject\",\"inLanguage\":\"pt-BR\",\"@id\":\"https:\/\/colinacabosdemadeira.com.br\/blog\/#\/schema\/person\/image\/\",\"url\":\"https:\/\/secure.gravatar.com\/avatar\/9ef9b5e7281a226f512db63573acf4a937b91710cb7b6b89348c19c02370573d?s=96&d=mm&r=g\",\"contentUrl\":\"https:\/\/secure.gravatar.com\/avatar\/9ef9b5e7281a226f512db63573acf4a937b91710cb7b6b89348c19c02370573d?s=96&d=mm&r=g\",\"caption\":\"paula@bloomin.com.br\"},\"sameAs\":[\"https:\/\/colinacabosdemadeira.com.br\/blog\"],\"url\":\"https:\/\/colinacabosdemadeira.com.br\/blog\/author\/paulabloomin-com-br\/\"}]}<\/script>\n<!-- \/ Yoast SEO plugin. -->","yoast_head_json":{"title":"Escolha o cabo para desempenadeira certo e evite erros no reboco! - Colina Cabos de Madeira","description":"Escolher o cabo para desempenadeira correto faz toda a diferen\u00e7a no acabamento do reboco. Veja como evitar erros e garantir mais produtividade no trabalho!","robots":{"index":"index","follow":"follow","max-snippet":"max-snippet:-1","max-image-preview":"max-image-preview:large","max-video-preview":"max-video-preview:-1"},"canonical":"https:\/\/colinacabosdemadeira.com.br\/blog\/escolha-o-cabo-para-desempenadeira-certo-e-evite-erros-no-reboco\/","og_locale":"pt_BR","og_type":"article","og_title":"Escolha o cabo para desempenadeira certo e evite erros no reboco! - Colina Cabos de Madeira","og_description":"Escolher o cabo para desempenadeira correto faz toda a diferen\u00e7a no acabamento do reboco. Veja como evitar erros e garantir mais produtividade no trabalho!","og_url":"https:\/\/colinacabosdemadeira.com.br\/blog\/escolha-o-cabo-para-desempenadeira-certo-e-evite-erros-no-reboco\/","og_site_name":"Colina Cabos de Madeira","article_published_time":"2025-02-17T12:20:03+00:00","article_modified_time":"2025-08-04T11:41:25+00:00","og_image":[{"width":437,"height":254,"url":"https:\/\/colinacabosdemadeira.com.br\/blog\/wp-content\/uploads\/2025\/02\/cabos-para-desempenadeira.webp","type":"image\/webp"}],"author":"paula@bloomin.com.br","twitter_card":"summary_large_image","twitter_misc":{"Escrito por":"paula@bloomin.com.br","Est. tempo de leitura":"6 minutos"},"schema":{"@context":"https:\/\/schema.org","@graph":[{"@type":"Article","@id":"https:\/\/colinacabosdemadeira.com.br\/blog\/escolha-o-cabo-para-desempenadeira-certo-e-evite-erros-no-reboco\/#article","isPartOf":{"@id":"https:\/\/colinacabosdemadeira.com.br\/blog\/escolha-o-cabo-para-desempenadeira-certo-e-evite-erros-no-reboco\/"},"author":{"name":"paula@bloomin.com.br","@id":"https:\/\/colinacabosdemadeira.com.br\/blog\/#\/schema\/person\/5e151e0ea8cc67e390dd1718999048ec"},"headline":"Escolha o cabo para desempenadeira certo e evite erros no reboco!","datePublished":"2025-02-17T12:20:03+00:00","dateModified":"2025-08-04T11:41:25+00:00","mainEntityOfPage":{"@id":"https:\/\/colinacabosdemadeira.com.br\/blog\/escolha-o-cabo-para-desempenadeira-certo-e-evite-erros-no-reboco\/"},"wordCount":1062,"commentCount":0,"publisher":{"@id":"https:\/\/colinacabosdemadeira.com.br\/blog\/#organization"},"image":{"@id":"https:\/\/colinacabosdemadeira.com.br\/blog\/escolha-o-cabo-para-desempenadeira-certo-e-evite-erros-no-reboco\/#primaryimage"},"thumbnailUrl":"https:\/\/colinacabosdemadeira.com.br\/blog\/wp-content\/uploads\/2025\/02\/cabos-para-desempenadeira.webp","keywords":["cabo de madeira \u00e9 melhor para rebocar?","cabo de madeira ou pl\u00e1stico desempenadeira","cabo de pl\u00e1stico \u00e9 resistente para desempenadeira?","cabo ergon\u00f4mico desempenadeira","cabo para desempenadeira","como escolher cabo de desempenadeira","como escolher ferramentas certas para reboco?","como evitar erros ao escolher desempenadeira?","como identificar cabo de m\u00e1 qualidade?","como o cabo interfere no reboco?","conforto ao usar desempenadeira","custo-benef\u00edcio desempenadeira","desempenadeira com cabo confort\u00e1vel existe?","desempenadeira com cabo remov\u00edvel vale a pena?","desempenadeira de madeira","desempenadeira de pl\u00e1stico","desempenadeira ideal para reboco","desempenho da ferramenta muda com o cabo?","desempenho no reboco com cabo certo","dicas para escolher cabo de desempenadeira","diferen\u00e7a entre cabo de madeira e borracha?","durabilidade do cabo da desempenadeira","erro ao escolher cabo","erro comum no uso da desempenadeira","existe cabo ergon\u00f4mico para desempenadeira?","existe norma para cabo de desempenadeira?","ferramenta para reboco eficiente","ferramentas para reboco profissional","influ\u00eancia do cabo na qualidade do reboco","melhor ferramenta para reboco","o cabo influencia no cansa\u00e7o do pedreiro?","o cabo interfere no alinhamento da massa?","o que influencia a escolha do cabo?","onde comprar desempenadeira com bom cabo?","qual cabo oferece melhor controle?","qual cabo usar no reboco","qual desempenadeira d\u00e1 menos fadiga?","qual desempenadeira usar para reboco fino?","qual melhor material de cabo","qual o cabo mais usado por profissionais?","qual o erro mais comum na escolha do cabo?","qual o impacto do cabo no acabamento final?","qual o melhor cabo para desempenadeira?","qual o tipo de cabo mais dur\u00e1vel?","reboco com desempenadeira certa","seguran\u00e7a ao rebocar parede","tipo de cabo para desempenadeira","tipos de cabo para ferramenta de reboco","vale a pena investir em cabo ergon\u00f4mico?"],"articleSection":["Cabo para desempenadeira"],"inLanguage":"pt-BR","potentialAction":[{"@type":"CommentAction","name":"Comment","target":["https:\/\/colinacabosdemadeira.com.br\/blog\/escolha-o-cabo-para-desempenadeira-certo-e-evite-erros-no-reboco\/#respond"]}]},{"@type":"WebPage","@id":"https:\/\/colinacabosdemadeira.com.br\/blog\/escolha-o-cabo-para-desempenadeira-certo-e-evite-erros-no-reboco\/","url":"https:\/\/colinacabosdemadeira.com.br\/blog\/escolha-o-cabo-para-desempenadeira-certo-e-evite-erros-no-reboco\/","name":"Escolha o cabo para desempenadeira certo e evite erros no reboco! - Colina Cabos de Madeira","isPartOf":{"@id":"https:\/\/colinacabosdemadeira.com.br\/blog\/#website"},"primaryImageOfPage":{"@id":"https:\/\/colinacabosdemadeira.com.br\/blog\/escolha-o-cabo-para-desempenadeira-certo-e-evite-erros-no-reboco\/#primaryimage"},"image":{"@id":"https:\/\/colinacabosdemadeira.com.br\/blog\/escolha-o-cabo-para-desempenadeira-certo-e-evite-erros-no-reboco\/#primaryimage"},"thumbnailUrl":"https:\/\/colinacabosdemadeira.com.br\/blog\/wp-content\/uploads\/2025\/02\/cabos-para-desempenadeira.webp","datePublished":"2025-02-17T12:20:03+00:00","dateModified":"2025-08-04T11:41:25+00:00","description":"Escolher o cabo para desempenadeira correto faz toda a diferen\u00e7a no acabamento do reboco. Veja como evitar erros e garantir mais produtividade no trabalho!","breadcrumb":{"@id":"https:\/\/colinacabosdemadeira.com.br\/blog\/escolha-o-cabo-para-desempenadeira-certo-e-evite-erros-no-reboco\/#breadcrumb"},"inLanguage":"pt-BR","potentialAction":[{"@type":"ReadAction","target":["https:\/\/colinacabosdemadeira.com.br\/blog\/escolha-o-cabo-para-desempenadeira-certo-e-evite-erros-no-reboco\/"]}]},{"@type":"ImageObject","inLanguage":"pt-BR","@id":"https:\/\/colinacabosdemadeira.com.br\/blog\/escolha-o-cabo-para-desempenadeira-certo-e-evite-erros-no-reboco\/#primaryimage","url":"https:\/\/colinacabosdemadeira.com.br\/blog\/wp-content\/uploads\/2025\/02\/cabos-para-desempenadeira.webp","contentUrl":"https:\/\/colinacabosdemadeira.com.br\/blog\/wp-content\/uploads\/2025\/02\/cabos-para-desempenadeira.webp","width":437,"height":254,"caption":"Escolha o cabo para desempenadeira certo e evite erros no reboco!"},{"@type":"BreadcrumbList","@id":"https:\/\/colinacabosdemadeira.com.br\/blog\/escolha-o-cabo-para-desempenadeira-certo-e-evite-erros-no-reboco\/#breadcrumb","itemListElement":[{"@type":"ListItem","position":1,"name":"In\u00edcio","item":"https:\/\/colinacabosdemadeira.com.br\/blog\/"},{"@type":"ListItem","position":2,"name":"Escolha o cabo para desempenadeira certo e evite erros no reboco!"}]},{"@type":"WebSite","@id":"https:\/\/colinacabosdemadeira.com.br\/blog\/#website","url":"https:\/\/colinacabosdemadeira.com.br\/blog\/","name":"Colina Cabos de Madeira","description":"Blog | Colina Cabos de Madeira","publisher":{"@id":"https:\/\/colinacabosdemadeira.com.br\/blog\/#organization"},"potentialAction":[{"@type":"SearchAction","target":{"@type":"EntryPoint","urlTemplate":"https:\/\/colinacabosdemadeira.com.br\/blog\/?s={search_term_string}"},"query-input":{"@type":"PropertyValueSpecification","valueRequired":true,"valueName":"search_term_string"}}],"inLanguage":"pt-BR"},{"@type":"Organization","@id":"https:\/\/colinacabosdemadeira.com.br\/blog\/#organization","name":"Colina Cabos de Madeira","url":"https:\/\/colinacabosdemadeira.com.br\/blog\/","logo":{"@type":"ImageObject","inLanguage":"pt-BR","@id":"https:\/\/colinacabosdemadeira.com.br\/blog\/#\/schema\/logo\/image\/","url":"https:\/\/colinacabosdemadeira.com.br\/blog\/wp-content\/uploads\/2024\/05\/logo-colina.webp","contentUrl":"https:\/\/colinacabosdemadeira.com.br\/blog\/wp-content\/uploads\/2024\/05\/logo-colina.webp","width":150,"height":87,"caption":"Colina Cabos de Madeira"},"image":{"@id":"https:\/\/colinacabosdemadeira.com.br\/blog\/#\/schema\/logo\/image\/"}},{"@type":"Person","@id":"https:\/\/colinacabosdemadeira.com.br\/blog\/#\/schema\/person\/5e151e0ea8cc67e390dd1718999048ec","name":"paula@bloomin.com.br","image":{"@type":"ImageObject","inLanguage":"pt-BR","@id":"https:\/\/colinacabosdemadeira.com.br\/blog\/#\/schema\/person\/image\/","url":"https:\/\/secure.gravatar.com\/avatar\/9ef9b5e7281a226f512db63573acf4a937b91710cb7b6b89348c19c02370573d?s=96&d=mm&r=g","contentUrl":"https:\/\/secure.gravatar.com\/avatar\/9ef9b5e7281a226f512db63573acf4a937b91710cb7b6b89348c19c02370573d?s=96&d=mm&r=g","caption":"paula@bloomin.com.br"},"sameAs":["https:\/\/colinacabosdemadeira.com.br\/blog"],"url":"https:\/\/colinacabosdemadeira.com.br\/blog\/author\/paulabloomin-com-br\/"}]}},"_links":{"self":[{"href":"https:\/\/colinacabosdemadeira.com.br\/blog\/wp-json\/wp\/v2\/posts\/111","targetHints":{"allow":["GET"]}}],"collection":[{"href":"https:\/\/colinacabosdemadeira.com.br\/blog\/wp-json\/wp\/v2\/posts"}],"about":[{"href":"https:\/\/colinacabosdemadeira.com.br\/blog\/wp-json\/wp\/v2\/types\/post"}],"author":[{"embeddable":true,"href":"https:\/\/colinacabosdemadeira.com.br\/blog\/wp-json\/wp\/v2\/users\/1"}],"replies":[{"embeddable":true,"href":"https:\/\/colinacabosdemadeira.com.br\/blog\/wp-json\/wp\/v2\/comments?post=111"}],"version-history":[{"count":1,"href":"https:\/\/colinacabosdemadeira.com.br\/blog\/wp-json\/wp\/v2\/posts\/111\/revisions"}],"predecessor-version":[{"id":113,"href":"https:\/\/colinacabosdemadeira.com.br\/blog\/wp-json\/wp\/v2\/posts\/111\/revisions\/113"}],"wp:featuredmedia":[{"embeddable":true,"href":"https:\/\/colinacabosdemadeira.com.br\/blog\/wp-json\/wp\/v2\/media\/112"}],"wp:attachment":[{"href":"https:\/\/colinacabosdemadeira.com.br\/blog\/wp-json\/wp\/v2\/media?parent=111"}],"wp:term":[{"taxonomy":"category","embeddable":true,"href":"https:\/\/colinacabosdemadeira.com.br\/blog\/wp-json\/wp\/v2\/categories?post=111"},{"taxonomy":"post_tag","embeddable":true,"href":"https:\/\/colinacabosdemadeira.com.br\/blog\/wp-json\/wp\/v2\/tags?post=111"}],"curies":[{"name":"wp","href":"https:\/\/api.w.org\/{rel}","templated":true}]}}